{"id":3349,"date":"2025-05-06T19:00:12","date_gmt":"2025-05-06T17:00:12","guid":{"rendered":"https:\/\/www.mv-kollmitzberg.at\/neu\/2025\/05\/06\/135258989836808_1256733113120760\/"},"modified":"2025-05-06T19:00:12","modified_gmt":"2025-05-06T17:00:12","slug":"135258989836808_1256733113120760","status":"publish","type":"post","link":"https:\/\/www.mv-kollmitzberg.at\/neu\/2025\/05\/06\/135258989836808_1256733113120760\/","title":{"rendered":"EBO"},"content":{"rendered":"<p>Am Sonntag, den 11. Mai um 18:00 Uhr, l\u00e4dt unser Kapellmeister-Stellvertreter gemeinsam mit seinen beiden Kollegen der EBO-Klasse von Andreas Simbeni herzlich zum gro\u00dfen Abschlusskonzert ein! \ud83c\udf1f<br \/>\nIm Veranstaltungssaal in St. Nikola pr\u00e4sentieren die drei Absolventen die Fr\u00fcchte ihrer vierj\u00e4hrigen EBO-Ausbildung. Dieses Konzert markiert den kr\u00f6nenden Abschluss ihrer intensiven Ausbildung und verspricht einen musikalischen Abend voller H\u00f6hepunkte.<br \/>\nKommt vorbei, genie\u00dft das vielf\u00e4ltige Programm und feiert mit uns diesen besonderen Moment! \ud83c\udfba\ud83c\udfbc\ud83d\udc4f<div id='gallery-1' class='gallery galleryid-3349 gallery-columns-3 gallery-size-thumbnail'><figure class='gallery-item'>\n\t\t\t<div class='gallery-icon portrait'>\n\t\t\t\t<a href='https:\/\/www.mv-kollmitzberg.at\/neu\/wp-content\/uploads\/2025\/05\/fb_135258989836808_1256733113120760_1.jpeg' title=\"\" data-rl_title=\"\" class=\"rl-gallery-link\" data-rl_caption=\"\" data-rel=\"lightbox-gallery-1\"><img loading=\"lazy\" decoding=\"async\" width=\"150\" height=\"150\" src=\"https:\/\/www.mv-kollmitzberg.at\/neu\/wp-content\/uploads\/2025\/05\/fb_135258989836808_1256733113120760_1-150x150.jpeg\" class=\"attachment-thumbnail size-thumbnail\" alt=\"\" srcset=\"https:\/\/www.mv-kollmitzberg.at\/neu\/wp-content\/uploads\/2025\/05\/fb_135258989836808_1256733113120760_1-150x150.jpeg 150w, https:\/\/www.mv-kollmitzberg.at\/neu\/wp-content\/uploads\/2025\/05\/fb_135258989836808_1256733113120760_1-250x250.jpeg 250w, https:\/\/www.mv-kollmitzberg.at\/neu\/wp-content\/uploads\/2025\/05\/fb_135258989836808_1256733113120760_1-174x174.jpeg 174w\" sizes=\"(max-width: 150px) 100vw, 150px\" \/><\/a>\n\t\t\t<\/div><\/figure>\n\t\t<\/div>\n<\/p>\n","protected":false},"excerpt":{"rendered":"<p>Am Sonntag, den 11. Mai um 18:00 Uhr, l\u00e4dt unser Kapellmeister-Stellvertreter gemeinsam mit seinen beiden Kollegen der EBO-Klasse von Andreas Simbeni herzlich zum gro\u00dfen Abschlusskonzert ein! \ud83c\udf1f Im Veranstaltungssaal in <a href=\"https:\/\/www.mv-kollmitzberg.at\/neu\/2025\/05\/06\/135258989836808_1256733113120760\/\" rel=\"nofollow\"><span class=\"sr-only\">Read more about EBO<\/span>[&hellip;]<\/a><\/p>\n","protected":false},"author":7,"featured_media":3348,"comment_status":"","ping_status":"","sticky":false,"template":"","format":"standard","meta":{"footnotes":""},"categories":[1],"tags":[55],"_links":{"self":[{"href":"https:\/\/www.mv-kollmitzberg.at\/neu\/wp-json\/wp\/v2\/posts\/3349"}],"collection":[{"href":"https:\/\/www.mv-kollmitzberg.at\/neu\/wp-json\/wp\/v2\/posts"}],"about":[{"href":"https:\/\/www.mv-kollmitzberg.at\/neu\/wp-json\/wp\/v2\/types\/post"}],"author":[{"embeddable":true,"href":"https:\/\/www.mv-kollmitzberg.at\/neu\/wp-json\/wp\/v2\/users\/7"}],"replies":[{"embeddable":true,"href":"https:\/\/www.mv-kollmitzberg.at\/neu\/wp-json\/wp\/v2\/comments?post=3349"}],"version-history":[{"count":0,"href":"https:\/\/www.mv-kollmitzberg.at\/neu\/wp-json\/wp\/v2\/posts\/3349\/revisions"}],"wp:featuredmedia":[{"embeddable":true,"href":"https:\/\/www.mv-kollmitzberg.at\/neu\/wp-json\/wp\/v2\/media\/3348"}],"wp:attachment":[{"href":"https:\/\/www.mv-kollmitzberg.at\/neu\/wp-json\/wp\/v2\/media?parent=3349"}],"wp:term":[{"taxonomy":"category","embeddable":true,"href":"https:\/\/www.mv-kollmitzberg.at\/neu\/wp-json\/wp\/v2\/categories?post=3349"},{"taxonomy":"post_tag","embeddable":true,"href":"https:\/\/www.mv-kollmitzberg.at\/neu\/wp-json\/wp\/v2\/tags?post=3349"}],"curies":[{"name":"wp","href":"https:\/\/api.w.org\/{rel}","templated":true}]}}