{"id":3347,"date":"2025-05-09T19:00:27","date_gmt":"2025-05-09T17:00:27","guid":{"rendered":"https:\/\/www.mv-kollmitzberg.at\/neu\/2025\/05\/09\/135258989836808_1259019436225461\/"},"modified":"2025-05-09T19:00:27","modified_gmt":"2025-05-09T17:00:27","slug":"135258989836808_1259019436225461","status":"publish","type":"post","link":"https:\/\/www.mv-kollmitzberg.at\/neu\/2025\/05\/09\/135258989836808_1259019436225461\/","title":{"rendered":"GEBURTSTAG"},"content":{"rendered":"<p>Unser langj\u00e4hriges Mitglied und Vorstandsmitglied Johann G\u00fcnther feierte seinen 50. Geburtstag \u2013 und wir durften nat\u00fcrlich nicht fehlen! \ud83e\udd73 Mit einem geb\u00fchrenden St\u00e4ndchen und einer tollen Feier haben wir ihn hochleben lassen und gemeinsam seinen Ehrentag gefeiert. \ud83c\udf7e<br \/>\nLieber G\u00fcnther Hans, wir gratulieren dir noch einmal herzlich zu deinem runden Geburtstag und danken dir f\u00fcr deinen gro\u00dfartigen Einsatz f\u00fcr unseren Verein!\ud83d\udc99\ud83d\udc9a \ud83c\udfb6<br \/>\n 50erFeier<div id='gallery-1' class='gallery galleryid-3347 gallery-columns-3 gallery-size-thumbnail'><figure class='gallery-item'>\n\t\t\t<div class='gallery-icon landscape'>\n\t\t\t\t<a href='https:\/\/www.mv-kollmitzberg.at\/neu\/wp-content\/uploads\/2025\/05\/fb_135258989836808_1259019436225461_1.jpeg' title=\"\" data-rl_title=\"\" class=\"rl-gallery-link\" data-rl_caption=\"\" data-rel=\"lightbox-gallery-1\"><img loading=\"lazy\" decoding=\"async\" width=\"150\" height=\"150\" src=\"https:\/\/www.mv-kollmitzberg.at\/neu\/wp-content\/uploads\/2025\/05\/fb_135258989836808_1259019436225461_1-150x150.jpeg\" class=\"attachment-thumbnail size-thumbnail\" alt=\"\" srcset=\"https:\/\/www.mv-kollmitzberg.at\/neu\/wp-content\/uploads\/2025\/05\/fb_135258989836808_1259019436225461_1-150x150.jpeg 150w, https:\/\/www.mv-kollmitzberg.at\/neu\/wp-content\/uploads\/2025\/05\/fb_135258989836808_1259019436225461_1-250x250.jpeg 250w, https:\/\/www.mv-kollmitzberg.at\/neu\/wp-content\/uploads\/2025\/05\/fb_135258989836808_1259019436225461_1-174x174.jpeg 174w\" sizes=\"(max-width: 150px) 100vw, 150px\" \/><\/a>\n\t\t\t<\/div><\/figure><figure class='gallery-item'>\n\t\t\t<div class='gallery-icon landscape'>\n\t\t\t\t<a href='https:\/\/www.mv-kollmitzberg.at\/neu\/wp-content\/uploads\/2025\/05\/fb_135258989836808_1259019436225461_2.jpeg' title=\"\" data-rl_title=\"\" class=\"rl-gallery-link\" data-rl_caption=\"\" data-rel=\"lightbox-gallery-1\"><img loading=\"lazy\" decoding=\"async\" width=\"150\" height=\"150\" src=\"https:\/\/www.mv-kollmitzberg.at\/neu\/wp-content\/uploads\/2025\/05\/fb_135258989836808_1259019436225461_2-150x150.jpeg\" class=\"attachment-thumbnail size-thumbnail\" alt=\"\" srcset=\"https:\/\/www.mv-kollmitzberg.at\/neu\/wp-content\/uploads\/2025\/05\/fb_135258989836808_1259019436225461_2-150x150.jpeg 150w, https:\/\/www.mv-kollmitzberg.at\/neu\/wp-content\/uploads\/2025\/05\/fb_135258989836808_1259019436225461_2-250x250.jpeg 250w, https:\/\/www.mv-kollmitzberg.at\/neu\/wp-content\/uploads\/2025\/05\/fb_135258989836808_1259019436225461_2-174x174.jpeg 174w\" sizes=\"(max-width: 150px) 100vw, 150px\" \/><\/a>\n\t\t\t<\/div><\/figure><figure class='gallery-item'>\n\t\t\t<div class='gallery-icon landscape'>\n\t\t\t\t<a href='https:\/\/www.mv-kollmitzberg.at\/neu\/wp-content\/uploads\/2025\/05\/fb_135258989836808_1259019436225461_3.jpeg' title=\"\" data-rl_title=\"\" class=\"rl-gallery-link\" data-rl_caption=\"\" data-rel=\"lightbox-gallery-1\"><img loading=\"lazy\" decoding=\"async\" width=\"150\" height=\"150\" src=\"https:\/\/www.mv-kollmitzberg.at\/neu\/wp-content\/uploads\/2025\/05\/fb_135258989836808_1259019436225461_3-150x150.jpeg\" class=\"attachment-thumbnail size-thumbnail\" alt=\"\" srcset=\"https:\/\/www.mv-kollmitzberg.at\/neu\/wp-content\/uploads\/2025\/05\/fb_135258989836808_1259019436225461_3-150x150.jpeg 150w, https:\/\/www.mv-kollmitzberg.at\/neu\/wp-content\/uploads\/2025\/05\/fb_135258989836808_1259019436225461_3-250x250.jpeg 250w, https:\/\/www.mv-kollmitzberg.at\/neu\/wp-content\/uploads\/2025\/05\/fb_135258989836808_1259019436225461_3-174x174.jpeg 174w\" sizes=\"(max-width: 150px) 100vw, 150px\" \/><\/a>\n\t\t\t<\/div><\/figure>\n\t\t<\/div>\n<\/p>\n","protected":false},"excerpt":{"rendered":"<p>Unser langj\u00e4hriges Mitglied und Vorstandsmitglied Johann G\u00fcnther feierte seinen 50. Geburtstag \u2013 und wir durften nat\u00fcrlich nicht fehlen! \ud83e\udd73 Mit einem geb\u00fchrenden St\u00e4ndchen und einer tollen Feier haben wir ihn <a href=\"https:\/\/www.mv-kollmitzberg.at\/neu\/2025\/05\/09\/135258989836808_1259019436225461\/\" rel=\"nofollow\"><span class=\"sr-only\">Read more about GEBURTSTAG<\/span>[&hellip;]<\/a><\/p>\n","protected":false},"author":7,"featured_media":3344,"comment_status":"","ping_status":"","sticky":false,"template":"","format":"standard","meta":{"footnotes":""},"categories":[1],"tags":[55],"_links":{"self":[{"href":"https:\/\/www.mv-kollmitzberg.at\/neu\/wp-json\/wp\/v2\/posts\/3347"}],"collection":[{"href":"https:\/\/www.mv-kollmitzberg.at\/neu\/wp-json\/wp\/v2\/posts"}],"about":[{"href":"https:\/\/www.mv-kollmitzberg.at\/neu\/wp-json\/wp\/v2\/types\/post"}],"author":[{"embeddable":true,"href":"https:\/\/www.mv-kollmitzberg.at\/neu\/wp-json\/wp\/v2\/users\/7"}],"replies":[{"embeddable":true,"href":"https:\/\/www.mv-kollmitzberg.at\/neu\/wp-json\/wp\/v2\/comments?post=3347"}],"version-history":[{"count":0,"href":"https:\/\/www.mv-kollmitzberg.at\/neu\/wp-json\/wp\/v2\/posts\/3347\/revisions"}],"wp:featuredmedia":[{"embeddable":true,"href":"https:\/\/www.mv-kollmitzberg.at\/neu\/wp-json\/wp\/v2\/media\/3344"}],"wp:attachment":[{"href":"https:\/\/www.mv-kollmitzberg.at\/neu\/wp-json\/wp\/v2\/media?parent=3347"}],"wp:term":[{"taxonomy":"category","embeddable":true,"href":"https:\/\/www.mv-kollmitzberg.at\/neu\/wp-json\/wp\/v2\/categories?post=3347"},{"taxonomy":"post_tag","embeddable":true,"href":"https:\/\/www.mv-kollmitzberg.at\/neu\/wp-json\/wp\/v2\/tags?post=3347"}],"curies":[{"name":"wp","href":"https:\/\/api.w.org\/{rel}","templated":true}]}}