{"id":3343,"date":"2025-05-14T19:00:07","date_gmt":"2025-05-14T17:00:07","guid":{"rendered":"https:\/\/www.mv-kollmitzberg.at\/neu\/2025\/05\/14\/135258989836808_1262707989189939\/"},"modified":"2025-05-14T19:00:07","modified_gmt":"2025-05-14T17:00:07","slug":"135258989836808_1262707989189939","status":"publish","type":"post","link":"https:\/\/www.mv-kollmitzberg.at\/neu\/2025\/05\/14\/135258989836808_1262707989189939\/","title":{"rendered":"ALLER ANFANG IST GELB"},"content":{"rendered":"<p>Am 9. Mai war es wieder so weit \u2013 das Haus der Musik verwandelte sich in ein klingendes Entdeckerland! Beim diesj\u00e4hrigen Instrumente probieren konnten viele musikbegeisterte Kinder verschiedene Instrumente ausprobieren und sich von unserer Musifamilie inspirieren lassen. \ud83c\udfb6\ud83d\udc9b<\/p>\n<p>Unter dem Motto \u201eAller Anfang ist Gelb\u201c haben wir nicht nur ausprobiert, sondern auch musiziert! Unsere Junior Combo gab ein St\u00fcck zum Besten und zeigte eindrucksvoll, wie viel Freude das gemeinsame Musizieren machen kann. \ud83e\udd41\ud83c\udfb7<\/p>\n<p>Wir freuen uns \u00fcber das gro\u00dfe Interesse und hoffen, viele junge Gesichter bald bei uns im Verein willkommen hei\u00dfen zu d\u00fcrfen! \ud83c\udfbc\ud83d\udc4b\ud83d\udc99\ud83d\udc9a<div id='gallery-1' class='gallery galleryid-3343 gallery-columns-3 gallery-size-thumbnail'><figure class='gallery-item'>\n\t\t\t<div class='gallery-icon portrait'>\n\t\t\t\t<a href='https:\/\/www.mv-kollmitzberg.at\/neu\/wp-content\/uploads\/2025\/05\/fb_135258989836808_1262707989189939_1.jpeg' title=\"\" data-rl_title=\"\" class=\"rl-gallery-link\" data-rl_caption=\"\" data-rel=\"lightbox-gallery-1\"><img loading=\"lazy\" decoding=\"async\" width=\"150\" height=\"150\" src=\"https:\/\/www.mv-kollmitzberg.at\/neu\/wp-content\/uploads\/2025\/05\/fb_135258989836808_1262707989189939_1-150x150.jpeg\" class=\"attachment-thumbnail size-thumbnail\" alt=\"\" srcset=\"https:\/\/www.mv-kollmitzberg.at\/neu\/wp-content\/uploads\/2025\/05\/fb_135258989836808_1262707989189939_1-150x150.jpeg 150w, https:\/\/www.mv-kollmitzberg.at\/neu\/wp-content\/uploads\/2025\/05\/fb_135258989836808_1262707989189939_1-250x250.jpeg 250w, https:\/\/www.mv-kollmitzberg.at\/neu\/wp-content\/uploads\/2025\/05\/fb_135258989836808_1262707989189939_1-174x174.jpeg 174w\" sizes=\"(max-width: 150px) 100vw, 150px\" \/><\/a>\n\t\t\t<\/div><\/figure><figure class='gallery-item'>\n\t\t\t<div class='gallery-icon portrait'>\n\t\t\t\t<a href='https:\/\/www.mv-kollmitzberg.at\/neu\/wp-content\/uploads\/2025\/05\/fb_135258989836808_1262707989189939_2.jpeg' title=\"\" data-rl_title=\"\" class=\"rl-gallery-link\" data-rl_caption=\"\" data-rel=\"lightbox-gallery-1\"><img loading=\"lazy\" decoding=\"async\" width=\"150\" height=\"150\" src=\"https:\/\/www.mv-kollmitzberg.at\/neu\/wp-content\/uploads\/2025\/05\/fb_135258989836808_1262707989189939_2-150x150.jpeg\" class=\"attachment-thumbnail size-thumbnail\" alt=\"\" srcset=\"https:\/\/www.mv-kollmitzberg.at\/neu\/wp-content\/uploads\/2025\/05\/fb_135258989836808_1262707989189939_2-150x150.jpeg 150w, https:\/\/www.mv-kollmitzberg.at\/neu\/wp-content\/uploads\/2025\/05\/fb_135258989836808_1262707989189939_2-250x250.jpeg 250w, https:\/\/www.mv-kollmitzberg.at\/neu\/wp-content\/uploads\/2025\/05\/fb_135258989836808_1262707989189939_2-174x174.jpeg 174w\" sizes=\"(max-width: 150px) 100vw, 150px\" \/><\/a>\n\t\t\t<\/div><\/figure><figure class='gallery-item'>\n\t\t\t<div class='gallery-icon portrait'>\n\t\t\t\t<a href='https:\/\/www.mv-kollmitzberg.at\/neu\/wp-content\/uploads\/2025\/05\/fb_135258989836808_1262707989189939_3.jpeg' title=\"\" data-rl_title=\"\" class=\"rl-gallery-link\" data-rl_caption=\"\" data-rel=\"lightbox-gallery-1\"><img loading=\"lazy\" decoding=\"async\" width=\"150\" height=\"150\" src=\"https:\/\/www.mv-kollmitzberg.at\/neu\/wp-content\/uploads\/2025\/05\/fb_135258989836808_1262707989189939_3-150x150.jpeg\" class=\"attachment-thumbnail size-thumbnail\" alt=\"\" srcset=\"https:\/\/www.mv-kollmitzberg.at\/neu\/wp-content\/uploads\/2025\/05\/fb_135258989836808_1262707989189939_3-150x150.jpeg 150w, https:\/\/www.mv-kollmitzberg.at\/neu\/wp-content\/uploads\/2025\/05\/fb_135258989836808_1262707989189939_3-250x250.jpeg 250w, https:\/\/www.mv-kollmitzberg.at\/neu\/wp-content\/uploads\/2025\/05\/fb_135258989836808_1262707989189939_3-174x174.jpeg 174w\" sizes=\"(max-width: 150px) 100vw, 150px\" \/><\/a>\n\t\t\t<\/div><\/figure><figure class='gallery-item'>\n\t\t\t<div class='gallery-icon portrait'>\n\t\t\t\t<a href='https:\/\/www.mv-kollmitzberg.at\/neu\/wp-content\/uploads\/2025\/05\/fb_135258989836808_1262707989189939_4.jpeg' title=\"\" data-rl_title=\"\" class=\"rl-gallery-link\" data-rl_caption=\"\" data-rel=\"lightbox-gallery-1\"><img loading=\"lazy\" decoding=\"async\" width=\"150\" height=\"150\" src=\"https:\/\/www.mv-kollmitzberg.at\/neu\/wp-content\/uploads\/2025\/05\/fb_135258989836808_1262707989189939_4-150x150.jpeg\" class=\"attachment-thumbnail size-thumbnail\" alt=\"\" srcset=\"https:\/\/www.mv-kollmitzberg.at\/neu\/wp-content\/uploads\/2025\/05\/fb_135258989836808_1262707989189939_4-150x150.jpeg 150w, https:\/\/www.mv-kollmitzberg.at\/neu\/wp-content\/uploads\/2025\/05\/fb_135258989836808_1262707989189939_4-250x250.jpeg 250w, https:\/\/www.mv-kollmitzberg.at\/neu\/wp-content\/uploads\/2025\/05\/fb_135258989836808_1262707989189939_4-174x174.jpeg 174w\" sizes=\"(max-width: 150px) 100vw, 150px\" \/><\/a>\n\t\t\t<\/div><\/figure><figure class='gallery-item'>\n\t\t\t<div class='gallery-icon portrait'>\n\t\t\t\t<a href='https:\/\/www.mv-kollmitzberg.at\/neu\/wp-content\/uploads\/2025\/05\/fb_135258989836808_1262707989189939_5.jpeg' title=\"\" data-rl_title=\"\" class=\"rl-gallery-link\" data-rl_caption=\"\" data-rel=\"lightbox-gallery-1\"><img loading=\"lazy\" decoding=\"async\" width=\"150\" height=\"150\" src=\"https:\/\/www.mv-kollmitzberg.at\/neu\/wp-content\/uploads\/2025\/05\/fb_135258989836808_1262707989189939_5-150x150.jpeg\" class=\"attachment-thumbnail size-thumbnail\" alt=\"\" srcset=\"https:\/\/www.mv-kollmitzberg.at\/neu\/wp-content\/uploads\/2025\/05\/fb_135258989836808_1262707989189939_5-150x150.jpeg 150w, https:\/\/www.mv-kollmitzberg.at\/neu\/wp-content\/uploads\/2025\/05\/fb_135258989836808_1262707989189939_5-250x250.jpeg 250w, https:\/\/www.mv-kollmitzberg.at\/neu\/wp-content\/uploads\/2025\/05\/fb_135258989836808_1262707989189939_5-174x174.jpeg 174w\" sizes=\"(max-width: 150px) 100vw, 150px\" \/><\/a>\n\t\t\t<\/div><\/figure><figure class='gallery-item'>\n\t\t\t<div class='gallery-icon portrait'>\n\t\t\t\t<a href='https:\/\/www.mv-kollmitzberg.at\/neu\/wp-content\/uploads\/2025\/05\/fb_135258989836808_1262707989189939_6.jpeg' title=\"\" data-rl_title=\"\" class=\"rl-gallery-link\" data-rl_caption=\"\" data-rel=\"lightbox-gallery-1\"><img loading=\"lazy\" decoding=\"async\" width=\"150\" height=\"150\" src=\"https:\/\/www.mv-kollmitzberg.at\/neu\/wp-content\/uploads\/2025\/05\/fb_135258989836808_1262707989189939_6-150x150.jpeg\" class=\"attachment-thumbnail size-thumbnail\" alt=\"\" srcset=\"https:\/\/www.mv-kollmitzberg.at\/neu\/wp-content\/uploads\/2025\/05\/fb_135258989836808_1262707989189939_6-150x150.jpeg 150w, https:\/\/www.mv-kollmitzberg.at\/neu\/wp-content\/uploads\/2025\/05\/fb_135258989836808_1262707989189939_6-250x250.jpeg 250w, https:\/\/www.mv-kollmitzberg.at\/neu\/wp-content\/uploads\/2025\/05\/fb_135258989836808_1262707989189939_6-174x174.jpeg 174w\" sizes=\"(max-width: 150px) 100vw, 150px\" \/><\/a>\n\t\t\t<\/div><\/figure>\n\t\t<\/div>\n<\/p>\n","protected":false},"excerpt":{"rendered":"<p>Am 9. Mai war es wieder so weit \u2013 das Haus der Musik verwandelte sich in ein klingendes Entdeckerland! Beim diesj\u00e4hrigen Instrumente probieren konnten viele musikbegeisterte Kinder verschiedene Instrumente ausprobieren <a href=\"https:\/\/www.mv-kollmitzberg.at\/neu\/2025\/05\/14\/135258989836808_1262707989189939\/\" rel=\"nofollow\"><span class=\"sr-only\">Read more about ALLER ANFANG IST GELB<\/span>[&hellip;]<\/a><\/p>\n","protected":false},"author":7,"featured_media":3337,"comment_status":"","ping_status":"","sticky":false,"template":"","format":"standard","meta":{"footnotes":""},"categories":[1],"tags":[55],"_links":{"self":[{"href":"https:\/\/www.mv-kollmitzberg.at\/neu\/wp-json\/wp\/v2\/posts\/3343"}],"collection":[{"href":"https:\/\/www.mv-kollmitzberg.at\/neu\/wp-json\/wp\/v2\/posts"}],"about":[{"href":"https:\/\/www.mv-kollmitzberg.at\/neu\/wp-json\/wp\/v2\/types\/post"}],"author":[{"embeddable":true,"href":"https:\/\/www.mv-kollmitzberg.at\/neu\/wp-json\/wp\/v2\/users\/7"}],"replies":[{"embeddable":true,"href":"https:\/\/www.mv-kollmitzberg.at\/neu\/wp-json\/wp\/v2\/comments?post=3343"}],"version-history":[{"count":0,"href":"https:\/\/www.mv-kollmitzberg.at\/neu\/wp-json\/wp\/v2\/posts\/3343\/revisions"}],"wp:featuredmedia":[{"embeddable":true,"href":"https:\/\/www.mv-kollmitzberg.at\/neu\/wp-json\/wp\/v2\/media\/3337"}],"wp:attachment":[{"href":"https:\/\/www.mv-kollmitzberg.at\/neu\/wp-json\/wp\/v2\/media?parent=3343"}],"wp:term":[{"taxonomy":"category","embeddable":true,"href":"https:\/\/www.mv-kollmitzberg.at\/neu\/wp-json\/wp\/v2\/categories?post=3343"},{"taxonomy":"post_tag","embeddable":true,"href":"https:\/\/www.mv-kollmitzberg.at\/neu\/wp-json\/wp\/v2\/tags?post=3343"}],"curies":[{"name":"wp","href":"https:\/\/api.w.org\/{rel}","templated":true}]}}