{"id":3334,"date":"2025-04-01T19:00:06","date_gmt":"2025-04-01T17:00:06","guid":{"rendered":"https:\/\/www.mv-kollmitzberg.at\/neu\/2025\/04\/01\/135258989836808_1224562453004493\/"},"modified":"2025-04-04T10:04:03","modified_gmt":"2025-04-04T08:04:03","slug":"135258989836808_1224562453004493","status":"publish","type":"post","link":"https:\/\/www.mv-kollmitzberg.at\/neu\/2025\/04\/01\/135258989836808_1224562453004493\/","title":{"rendered":"MUSIZEITUNG"},"content":{"rendered":"<p>Auch dieses Jahr darf unsere traditionsreiche &#8222;MusiZeitung&#8220; in den Haushalten von Kollmitzberg nicht fehlen! \ud83d\udcf0<\/p>\n<p><a href=\"https:\/\/www.mv-kollmitzberg.at\/neu\/wp-content\/uploads\/2025\/03\/MusiZeitung_Druck.pdf\">MusiZeitung-2025<\/a><\/p>\n<p>Mit spannenden Einblicken, lustigen Anekdoten und Neuigkeiten rund um den Musikverein sorgt sie f\u00fcr die perfekte Abendlekt\u00fcre. \ud83d\udcd6\u2728<br \/>\nWer nicht mehr warten will, kann bereits jetzt in der Online-Ausgabe schm\u00f6kern!\ud83d\udc9a\ud83d\udc99\ud83c\udfb6<br \/>\nEin gro\u00dfes Dankesch\u00f6n an Sonja Amon f\u00fcr die Erstellung unserer MusiZeitung! Viel Spa\u00df beim Lesen! \ud83d\ude0a<\/p>\n<div id='gallery-1' class='gallery galleryid-3334 gallery-columns-3 gallery-size-thumbnail'><figure class='gallery-item'>\n\t\t\t<div class='gallery-icon portrait'>\n\t\t\t\t<a href='https:\/\/www.mv-kollmitzberg.at\/neu\/wp-content\/uploads\/2025\/04\/fb_135258989836808_1224562453004493_1.jpeg' title=\"\" data-rl_title=\"\" class=\"rl-gallery-link\" data-rl_caption=\"\" data-rel=\"lightbox-gallery-1\"><img loading=\"lazy\" decoding=\"async\" width=\"150\" height=\"150\" src=\"https:\/\/www.mv-kollmitzberg.at\/neu\/wp-content\/uploads\/2025\/04\/fb_135258989836808_1224562453004493_1-150x150.jpeg\" class=\"attachment-thumbnail size-thumbnail\" alt=\"\" srcset=\"https:\/\/www.mv-kollmitzberg.at\/neu\/wp-content\/uploads\/2025\/04\/fb_135258989836808_1224562453004493_1-150x150.jpeg 150w, https:\/\/www.mv-kollmitzberg.at\/neu\/wp-content\/uploads\/2025\/04\/fb_135258989836808_1224562453004493_1-250x250.jpeg 250w, https:\/\/www.mv-kollmitzberg.at\/neu\/wp-content\/uploads\/2025\/04\/fb_135258989836808_1224562453004493_1-174x174.jpeg 174w\" sizes=\"(max-width: 150px) 100vw, 150px\" \/><\/a>\n\t\t\t<\/div><\/figure>\n\t\t<\/div>\n\n","protected":false},"excerpt":{"rendered":"<p>Auch dieses Jahr darf unsere traditionsreiche &#8222;MusiZeitung&#8220; in den Haushalten von Kollmitzberg nicht fehlen! \ud83d\udcf0 MusiZeitung-2025 Mit spannenden Einblicken, lustigen Anekdoten und Neuigkeiten rund um den Musikverein sorgt sie f\u00fcr <a href=\"https:\/\/www.mv-kollmitzberg.at\/neu\/2025\/04\/01\/135258989836808_1224562453004493\/\" rel=\"nofollow\"><span class=\"sr-only\">Read more about MUSIZEITUNG<\/span>[&hellip;]<\/a><\/p>\n","protected":false},"author":7,"featured_media":3333,"comment_status":"closed","ping_status":"closed","sticky":false,"template":"","format":"standard","meta":{"footnotes":""},"categories":[1],"tags":[55,37],"_links":{"self":[{"href":"https:\/\/www.mv-kollmitzberg.at\/neu\/wp-json\/wp\/v2\/posts\/3334"}],"collection":[{"href":"https:\/\/www.mv-kollmitzberg.at\/neu\/wp-json\/wp\/v2\/posts"}],"about":[{"href":"https:\/\/www.mv-kollmitzberg.at\/neu\/wp-json\/wp\/v2\/types\/post"}],"author":[{"embeddable":true,"href":"https:\/\/www.mv-kollmitzberg.at\/neu\/wp-json\/wp\/v2\/users\/7"}],"replies":[{"embeddable":true,"href":"https:\/\/www.mv-kollmitzberg.at\/neu\/wp-json\/wp\/v2\/comments?post=3334"}],"version-history":[{"count":1,"href":"https:\/\/www.mv-kollmitzberg.at\/neu\/wp-json\/wp\/v2\/posts\/3334\/revisions"}],"predecessor-version":[{"id":3336,"href":"https:\/\/www.mv-kollmitzberg.at\/neu\/wp-json\/wp\/v2\/posts\/3334\/revisions\/3336"}],"wp:featuredmedia":[{"embeddable":true,"href":"https:\/\/www.mv-kollmitzberg.at\/neu\/wp-json\/wp\/v2\/media\/3333"}],"wp:attachment":[{"href":"https:\/\/www.mv-kollmitzberg.at\/neu\/wp-json\/wp\/v2\/media?parent=3334"}],"wp:term":[{"taxonomy":"category","embeddable":true,"href":"https:\/\/www.mv-kollmitzberg.at\/neu\/wp-json\/wp\/v2\/categories?post=3334"},{"taxonomy":"post_tag","embeddable":true,"href":"https:\/\/www.mv-kollmitzberg.at\/neu\/wp-json\/wp\/v2\/tags?post=3334"}],"curies":[{"name":"wp","href":"https:\/\/api.w.org\/{rel}","templated":true}]}}