{"id":3332,"date":"2025-04-03T19:00:01","date_gmt":"2025-04-03T17:00:01","guid":{"rendered":"https:\/\/www.mv-kollmitzberg.at\/neu\/2025\/04\/03\/135258989836808_1226675892793149\/"},"modified":"2025-04-03T19:00:01","modified_gmt":"2025-04-03T17:00:01","slug":"135258989836808_1226675892793149","status":"publish","type":"post","link":"https:\/\/www.mv-kollmitzberg.at\/neu\/2025\/04\/03\/135258989836808_1226675892793149\/","title":{"rendered":"GEBURTSTAG"},"content":{"rendered":"<p>Unser Tubist und Vorstandsmitglied Gerhard feierte seinen runden Geburtstag \u2013 und nat\u00fcrlich lie\u00dfen wir es uns nicht nehmen, ihn geb\u00fchrend zu \u00fcberraschen! Mit einem Plakat und einem Geschenkskorb gratulierten wir ihm herzlich. \ud83c\udf81\ud83e\udd73<br \/>\nGerhard revanchierte sich in bester Musiker-Manier und versorgte uns in der Musikprobe mit einer leckeren Jause. \ud83c\udf7d\ufe0f Ein gro\u00dfes Dankesch\u00f6n daf\u00fcr!<br \/>\nLieber Gerhard, wir w\u00fcnschen dir weiterhin viel Gesundheit, Freude an der Musik und viele tolle Jahre im Musikverein! \ud83c\udfb6\ud83d\udc99\ud83d\udc9a<br \/>\n    50erFeier<div id='gallery-1' class='gallery galleryid-3332 gallery-columns-3 gallery-size-thumbnail'><figure class='gallery-item'>\n\t\t\t<div class='gallery-icon landscape'>\n\t\t\t\t<a href='https:\/\/www.mv-kollmitzberg.at\/neu\/wp-content\/uploads\/2025\/04\/fb_135258989836808_1226675892793149_1.jpeg' title=\"\" data-rl_title=\"\" class=\"rl-gallery-link\" data-rl_caption=\"\" data-rel=\"lightbox-gallery-1\"><img loading=\"lazy\" decoding=\"async\" width=\"150\" height=\"150\" src=\"https:\/\/www.mv-kollmitzberg.at\/neu\/wp-content\/uploads\/2025\/04\/fb_135258989836808_1226675892793149_1-150x150.jpeg\" class=\"attachment-thumbnail size-thumbnail\" alt=\"\" srcset=\"https:\/\/www.mv-kollmitzberg.at\/neu\/wp-content\/uploads\/2025\/04\/fb_135258989836808_1226675892793149_1-150x150.jpeg 150w, https:\/\/www.mv-kollmitzberg.at\/neu\/wp-content\/uploads\/2025\/04\/fb_135258989836808_1226675892793149_1-250x250.jpeg 250w, https:\/\/www.mv-kollmitzberg.at\/neu\/wp-content\/uploads\/2025\/04\/fb_135258989836808_1226675892793149_1-174x174.jpeg 174w\" sizes=\"(max-width: 150px) 100vw, 150px\" \/><\/a>\n\t\t\t<\/div><\/figure><figure class='gallery-item'>\n\t\t\t<div class='gallery-icon portrait'>\n\t\t\t\t<a href='https:\/\/www.mv-kollmitzberg.at\/neu\/wp-content\/uploads\/2025\/04\/fb_135258989836808_1226675892793149_2.jpeg' title=\"\" data-rl_title=\"\" class=\"rl-gallery-link\" data-rl_caption=\"\" data-rel=\"lightbox-gallery-1\"><img loading=\"lazy\" decoding=\"async\" width=\"150\" height=\"150\" src=\"https:\/\/www.mv-kollmitzberg.at\/neu\/wp-content\/uploads\/2025\/04\/fb_135258989836808_1226675892793149_2-150x150.jpeg\" class=\"attachment-thumbnail size-thumbnail\" alt=\"\" srcset=\"https:\/\/www.mv-kollmitzberg.at\/neu\/wp-content\/uploads\/2025\/04\/fb_135258989836808_1226675892793149_2-150x150.jpeg 150w, https:\/\/www.mv-kollmitzberg.at\/neu\/wp-content\/uploads\/2025\/04\/fb_135258989836808_1226675892793149_2-250x250.jpeg 250w, https:\/\/www.mv-kollmitzberg.at\/neu\/wp-content\/uploads\/2025\/04\/fb_135258989836808_1226675892793149_2-174x174.jpeg 174w\" sizes=\"(max-width: 150px) 100vw, 150px\" \/><\/a>\n\t\t\t<\/div><\/figure><figure class='gallery-item'>\n\t\t\t<div class='gallery-icon portrait'>\n\t\t\t\t<a href='https:\/\/www.mv-kollmitzberg.at\/neu\/wp-content\/uploads\/2025\/04\/fb_135258989836808_1226675892793149_3.jpeg' title=\"\" data-rl_title=\"\" class=\"rl-gallery-link\" data-rl_caption=\"\" data-rel=\"lightbox-gallery-1\"><img loading=\"lazy\" decoding=\"async\" width=\"150\" height=\"150\" src=\"https:\/\/www.mv-kollmitzberg.at\/neu\/wp-content\/uploads\/2025\/04\/fb_135258989836808_1226675892793149_3-150x150.jpeg\" class=\"attachment-thumbnail size-thumbnail\" alt=\"\" srcset=\"https:\/\/www.mv-kollmitzberg.at\/neu\/wp-content\/uploads\/2025\/04\/fb_135258989836808_1226675892793149_3-150x150.jpeg 150w, https:\/\/www.mv-kollmitzberg.at\/neu\/wp-content\/uploads\/2025\/04\/fb_135258989836808_1226675892793149_3-250x250.jpeg 250w, https:\/\/www.mv-kollmitzberg.at\/neu\/wp-content\/uploads\/2025\/04\/fb_135258989836808_1226675892793149_3-174x174.jpeg 174w\" sizes=\"(max-width: 150px) 100vw, 150px\" \/><\/a>\n\t\t\t<\/div><\/figure>\n\t\t<\/div>\n<\/p>\n","protected":false},"excerpt":{"rendered":"<p>Unser Tubist und Vorstandsmitglied Gerhard feierte seinen runden Geburtstag \u2013 und nat\u00fcrlich lie\u00dfen wir es uns nicht nehmen, ihn geb\u00fchrend zu \u00fcberraschen! Mit einem Plakat und einem Geschenkskorb gratulierten wir <a href=\"https:\/\/www.mv-kollmitzberg.at\/neu\/2025\/04\/03\/135258989836808_1226675892793149\/\" rel=\"nofollow\"><span class=\"sr-only\">Read more about GEBURTSTAG<\/span>[&hellip;]<\/a><\/p>\n","protected":false},"author":7,"featured_media":3329,"comment_status":"","ping_status":"","sticky":false,"template":"","format":"standard","meta":{"footnotes":""},"categories":[1],"tags":[55],"_links":{"self":[{"href":"https:\/\/www.mv-kollmitzberg.at\/neu\/wp-json\/wp\/v2\/posts\/3332"}],"collection":[{"href":"https:\/\/www.mv-kollmitzberg.at\/neu\/wp-json\/wp\/v2\/posts"}],"about":[{"href":"https:\/\/www.mv-kollmitzberg.at\/neu\/wp-json\/wp\/v2\/types\/post"}],"author":[{"embeddable":true,"href":"https:\/\/www.mv-kollmitzberg.at\/neu\/wp-json\/wp\/v2\/users\/7"}],"replies":[{"embeddable":true,"href":"https:\/\/www.mv-kollmitzberg.at\/neu\/wp-json\/wp\/v2\/comments?post=3332"}],"version-history":[{"count":0,"href":"https:\/\/www.mv-kollmitzberg.at\/neu\/wp-json\/wp\/v2\/posts\/3332\/revisions"}],"wp:featuredmedia":[{"embeddable":true,"href":"https:\/\/www.mv-kollmitzberg.at\/neu\/wp-json\/wp\/v2\/media\/3329"}],"wp:attachment":[{"href":"https:\/\/www.mv-kollmitzberg.at\/neu\/wp-json\/wp\/v2\/media?parent=3332"}],"wp:term":[{"taxonomy":"category","embeddable":true,"href":"https:\/\/www.mv-kollmitzberg.at\/neu\/wp-json\/wp\/v2\/categories?post=3332"},{"taxonomy":"post_tag","embeddable":true,"href":"https:\/\/www.mv-kollmitzberg.at\/neu\/wp-json\/wp\/v2\/tags?post=3332"}],"curies":[{"name":"wp","href":"https:\/\/api.w.org\/{rel}","templated":true}]}}