{"id":3241,"date":"2024-03-09T19:00:10","date_gmt":"2024-03-09T18:00:10","guid":{"rendered":"https:\/\/www.mv-kollmitzberg.at\/neu\/2024\/03\/09\/135258989836808_925010602959681\/"},"modified":"2024-03-09T19:00:10","modified_gmt":"2024-03-09T18:00:10","slug":"135258989836808_925010602959681","status":"publish","type":"post","link":"https:\/\/www.mv-kollmitzberg.at\/neu\/2024\/03\/09\/135258989836808_925010602959681\/","title":{"rendered":"DANKESCH\u00d6N"},"content":{"rendered":"<p>Wir bedanken uns bei unserem Hauptsponsor Gasthof &#8222;Zur Donaubr\u00fccke&#8220; f\u00fcr die gro\u00dfz\u00fcgige Unterst\u00fctzung bei der Anschaffung unserer neuen Tracht. \ud83d\ude0a\ud83d\udc56\ud83d\udc54<br \/>\nOhne Sponsor:innen und Unterst\u00fctzer:innen w\u00e4re die Anschaffung unserer neuen Tracht nicht in der Art und Weise umsetzbar gewesen und deswegen sind wir sehr dankbar, die Unterst\u00fctzung erhalten zu haben. \ud83d\ude4f\ud83d\ude0a<br \/>\nWir haben Ihr Interesse an einem Sponsoringangebot geweckt? Schicken Sie uns eine Nachricht und wir senden Ihnen gerne unsere Sponsoringpakete.\ud83d\udce7\ud83d\udce9<br \/>\n   2024<div id='gallery-1' class='gallery galleryid-3241 gallery-columns-3 gallery-size-thumbnail'><figure class='gallery-item'>\n\t\t\t<div class='gallery-icon landscape'>\n\t\t\t\t<a href='https:\/\/www.mv-kollmitzberg.at\/neu\/wp-content\/uploads\/2024\/11\/fb_135258989836808_925010602959681_1.jpeg' title=\"\" data-rl_title=\"\" class=\"rl-gallery-link\" data-rl_caption=\"\" data-rel=\"lightbox-gallery-1\"><img loading=\"lazy\" decoding=\"async\" width=\"150\" height=\"129\" src=\"https:\/\/www.mv-kollmitzberg.at\/neu\/wp-content\/uploads\/2024\/11\/fb_135258989836808_925010602959681_1-150x129.jpeg\" class=\"attachment-thumbnail size-thumbnail\" alt=\"\" \/><\/a>\n\t\t\t<\/div><\/figure>\n\t\t<\/div>\n<\/p>\n","protected":false},"excerpt":{"rendered":"<p>Wir bedanken uns bei unserem Hauptsponsor Gasthof &#8222;Zur Donaubr\u00fccke&#8220; f\u00fcr die gro\u00dfz\u00fcgige Unterst\u00fctzung bei der Anschaffung unserer neuen Tracht. \ud83d\ude0a\ud83d\udc56\ud83d\udc54 Ohne Sponsor:innen und Unterst\u00fctzer:innen w\u00e4re die Anschaffung unserer neuen Tracht <a href=\"https:\/\/www.mv-kollmitzberg.at\/neu\/2024\/03\/09\/135258989836808_925010602959681\/\" rel=\"nofollow\"><span class=\"sr-only\">Read more about DANKESCH\u00d6N<\/span>[&hellip;]<\/a><\/p>\n","protected":false},"author":7,"featured_media":3240,"comment_status":"","ping_status":"","sticky":false,"template":"","format":"standard","meta":{"footnotes":""},"categories":[1],"tags":[54,68],"_links":{"self":[{"href":"https:\/\/www.mv-kollmitzberg.at\/neu\/wp-json\/wp\/v2\/posts\/3241"}],"collection":[{"href":"https:\/\/www.mv-kollmitzberg.at\/neu\/wp-json\/wp\/v2\/posts"}],"about":[{"href":"https:\/\/www.mv-kollmitzberg.at\/neu\/wp-json\/wp\/v2\/types\/post"}],"author":[{"embeddable":true,"href":"https:\/\/www.mv-kollmitzberg.at\/neu\/wp-json\/wp\/v2\/users\/7"}],"replies":[{"embeddable":true,"href":"https:\/\/www.mv-kollmitzberg.at\/neu\/wp-json\/wp\/v2\/comments?post=3241"}],"version-history":[{"count":0,"href":"https:\/\/www.mv-kollmitzberg.at\/neu\/wp-json\/wp\/v2\/posts\/3241\/revisions"}],"wp:featuredmedia":[{"embeddable":true,"href":"https:\/\/www.mv-kollmitzberg.at\/neu\/wp-json\/wp\/v2\/media\/3240"}],"wp:attachment":[{"href":"https:\/\/www.mv-kollmitzberg.at\/neu\/wp-json\/wp\/v2\/media?parent=3241"}],"wp:term":[{"taxonomy":"category","embeddable":true,"href":"https:\/\/www.mv-kollmitzberg.at\/neu\/wp-json\/wp\/v2\/categories?post=3241"},{"taxonomy":"post_tag","embeddable":true,"href":"https:\/\/www.mv-kollmitzberg.at\/neu\/wp-json\/wp\/v2\/tags?post=3241"}],"curies":[{"name":"wp","href":"https:\/\/api.w.org\/{rel}","templated":true}]}}