{"id":3220,"date":"2024-03-21T19:01:16","date_gmt":"2024-03-21T18:01:16","guid":{"rendered":"https:\/\/www.mv-kollmitzberg.at\/neu\/2024\/03\/21\/135258989836808_933516362109105\/"},"modified":"2024-03-21T19:01:16","modified_gmt":"2024-03-21T18:01:16","slug":"135258989836808_933516362109105","status":"publish","type":"post","link":"https:\/\/www.mv-kollmitzberg.at\/neu\/2024\/03\/21\/135258989836808_933516362109105\/","title":{"rendered":"FR\u00dcHLINGSKONZERT"},"content":{"rendered":"<p>Wir k\u00f6nnen es kaum erwarten, euch beim allj\u00e4hrlichen Fr\u00fchjahrskonzert am kommenden Samstag willkommen zu hei\u00dfen! Um eure Neugierde zu stillen und die Vorfreude zu steigern, m\u00f6chten wir euch bereits jetzt einen kleinen Einblick in unser Konzertprogramm geben.\ud83d\ude0a\ud83c\udfb6<br \/>\nFreut euch auf eine mitrei\u00dfende Mischung aus fulminanten Blasorchesterwerken, modernen Kompositionen und traditionellen Melodien. Von bekannten Ohrw\u00fcrmern bis hin zu neuen musikalischen Entdeckungen ist f\u00fcr jeden Geschmack etwas dabei.\ud83c\udfb6\ud83d\ude0d<br \/>\nWir freuen uns darauf, euch alle im Publikum begr\u00fc\u00dfen zu d\u00fcrfen!\ud83d\ude0a\ud83d\udc9c<\/p>\n<p>2024<div id='gallery-1' class='gallery galleryid-3220 gallery-columns-3 gallery-size-thumbnail'><figure class='gallery-item'>\n\t\t\t<div class='gallery-icon landscape'>\n\t\t\t\t<a href='https:\/\/www.mv-kollmitzberg.at\/neu\/wp-content\/uploads\/2024\/11\/fb_135258989836808_933516362109105_1.jpeg' title=\"\" data-rl_title=\"\" class=\"rl-gallery-link\" data-rl_caption=\"\" data-rel=\"lightbox-gallery-1\"><img loading=\"lazy\" decoding=\"async\" width=\"150\" height=\"150\" src=\"https:\/\/www.mv-kollmitzberg.at\/neu\/wp-content\/uploads\/2024\/11\/fb_135258989836808_933516362109105_1-150x150.jpeg\" class=\"attachment-thumbnail size-thumbnail\" alt=\"\" srcset=\"https:\/\/www.mv-kollmitzberg.at\/neu\/wp-content\/uploads\/2024\/11\/fb_135258989836808_933516362109105_1-150x150.jpeg 150w, https:\/\/www.mv-kollmitzberg.at\/neu\/wp-content\/uploads\/2024\/11\/fb_135258989836808_933516362109105_1-250x250.jpeg 250w, https:\/\/www.mv-kollmitzberg.at\/neu\/wp-content\/uploads\/2024\/11\/fb_135258989836808_933516362109105_1-174x174.jpeg 174w\" sizes=\"(max-width: 150px) 100vw, 150px\" \/><\/a>\n\t\t\t<\/div><\/figure>\n\t\t<\/div>\n<\/p>\n","protected":false},"excerpt":{"rendered":"<p>Wir k\u00f6nnen es kaum erwarten, euch beim allj\u00e4hrlichen Fr\u00fchjahrskonzert am kommenden Samstag willkommen zu hei\u00dfen! Um eure Neugierde zu stillen und die Vorfreude zu steigern, m\u00f6chten wir euch bereits jetzt <a href=\"https:\/\/www.mv-kollmitzberg.at\/neu\/2024\/03\/21\/135258989836808_933516362109105\/\" rel=\"nofollow\"><span class=\"sr-only\">Read more about FR\u00dcHLINGSKONZERT<\/span>[&hellip;]<\/a><\/p>\n","protected":false},"author":7,"featured_media":3219,"comment_status":"","ping_status":"","sticky":false,"template":"","format":"standard","meta":{"footnotes":""},"categories":[1],"tags":[54,68],"_links":{"self":[{"href":"https:\/\/www.mv-kollmitzberg.at\/neu\/wp-json\/wp\/v2\/posts\/3220"}],"collection":[{"href":"https:\/\/www.mv-kollmitzberg.at\/neu\/wp-json\/wp\/v2\/posts"}],"about":[{"href":"https:\/\/www.mv-kollmitzberg.at\/neu\/wp-json\/wp\/v2\/types\/post"}],"author":[{"embeddable":true,"href":"https:\/\/www.mv-kollmitzberg.at\/neu\/wp-json\/wp\/v2\/users\/7"}],"replies":[{"embeddable":true,"href":"https:\/\/www.mv-kollmitzberg.at\/neu\/wp-json\/wp\/v2\/comments?post=3220"}],"version-history":[{"count":0,"href":"https:\/\/www.mv-kollmitzberg.at\/neu\/wp-json\/wp\/v2\/posts\/3220\/revisions"}],"wp:featuredmedia":[{"embeddable":true,"href":"https:\/\/www.mv-kollmitzberg.at\/neu\/wp-json\/wp\/v2\/media\/3219"}],"wp:attachment":[{"href":"https:\/\/www.mv-kollmitzberg.at\/neu\/wp-json\/wp\/v2\/media?parent=3220"}],"wp:term":[{"taxonomy":"category","embeddable":true,"href":"https:\/\/www.mv-kollmitzberg.at\/neu\/wp-json\/wp\/v2\/categories?post=3220"},{"taxonomy":"post_tag","embeddable":true,"href":"https:\/\/www.mv-kollmitzberg.at\/neu\/wp-json\/wp\/v2\/tags?post=3220"}],"curies":[{"name":"wp","href":"https:\/\/api.w.org\/{rel}","templated":true}]}}