{"id":3205,"date":"2024-04-08T19:30:06","date_gmt":"2024-04-08T17:30:06","guid":{"rendered":"https:\/\/www.mv-kollmitzberg.at\/neu\/2024\/04\/08\/135258989836808_947288440731897\/"},"modified":"2024-04-08T19:30:06","modified_gmt":"2024-04-08T17:30:06","slug":"135258989836808_947288440731897","status":"publish","type":"post","link":"https:\/\/www.mv-kollmitzberg.at\/neu\/2024\/04\/08\/135258989836808_947288440731897\/","title":{"rendered":"VORSTAND"},"content":{"rendered":"<p>Da wir im Februar einen neuen Vorstand gew\u00e4hlt haben, werden wir euch in den kommenden Wochen die Menschen hinter den Kulissen vorstellen, damit ihr unsere engagierten Vorstandsmitglieder besser kennenlernen k\u00f6nnt. Sie setzen sich mit Leidenschaft f\u00fcr unseren Musikverein ein und tragen ma\u00dfgeblich zum Vereinsleben bei. \ud83c\udfb6\ud83d\ude0a<br \/>\nUnser Vorstand trifft sich regelm\u00e4\u00dfig, um eine Vielzahl von Themen zu besprechen &#8211; sei es musikalischer Natur oder organisatorischer Art. Hier werden Ideen diskutiert, Pl\u00e4ne geschmiedet und Entscheidungen getroffen, die die Zukunft unseres Vereins gestalten. \ud83d\udcac\ud83d\udcc8<br \/>\nEin herzliches Dankesch\u00f6n gilt all unseren Vorstandsmitgliedern f\u00fcr ihre Bereitschaft, dieses verantwortungsvolle Amt zu \u00fcbernehmen. Ihr Engagement ist das Fundament, auf dem unser Musikverein aufbaut, und wir sind dankbar f\u00fcr die Zeit, die sie in unseren Verein investieren.\ud83d\udc9a\ud83d\udc99<div id='gallery-1' class='gallery galleryid-3205 gallery-columns-3 gallery-size-thumbnail'><figure class='gallery-item'>\n\t\t\t<div class='gallery-icon landscape'>\n\t\t\t\t<a href='https:\/\/www.mv-kollmitzberg.at\/neu\/wp-content\/uploads\/2024\/11\/fb_135258989836808_947288440731897_1.jpeg' title=\"\" data-rl_title=\"\" class=\"rl-gallery-link\" data-rl_caption=\"\" data-rel=\"lightbox-gallery-1\"><img loading=\"lazy\" decoding=\"async\" width=\"150\" height=\"150\" src=\"https:\/\/www.mv-kollmitzberg.at\/neu\/wp-content\/uploads\/2024\/11\/fb_135258989836808_947288440731897_1-150x150.jpeg\" class=\"attachment-thumbnail size-thumbnail\" alt=\"\" srcset=\"https:\/\/www.mv-kollmitzberg.at\/neu\/wp-content\/uploads\/2024\/11\/fb_135258989836808_947288440731897_1-150x150.jpeg 150w, https:\/\/www.mv-kollmitzberg.at\/neu\/wp-content\/uploads\/2024\/11\/fb_135258989836808_947288440731897_1-250x250.jpeg 250w, https:\/\/www.mv-kollmitzberg.at\/neu\/wp-content\/uploads\/2024\/11\/fb_135258989836808_947288440731897_1-174x174.jpeg 174w\" sizes=\"(max-width: 150px) 100vw, 150px\" \/><\/a>\n\t\t\t<\/div><\/figure>\n\t\t<\/div>\n<\/p>\n","protected":false},"excerpt":{"rendered":"<p>Da wir im Februar einen neuen Vorstand gew\u00e4hlt haben, werden wir euch in den kommenden Wochen die Menschen hinter den Kulissen vorstellen, damit ihr unsere engagierten Vorstandsmitglieder besser kennenlernen k\u00f6nnt. <a href=\"https:\/\/www.mv-kollmitzberg.at\/neu\/2024\/04\/08\/135258989836808_947288440731897\/\" rel=\"nofollow\"><span class=\"sr-only\">Read more about VORSTAND<\/span>[&hellip;]<\/a><\/p>\n","protected":false},"author":7,"featured_media":3204,"comment_status":"","ping_status":"","sticky":false,"template":"","format":"standard","meta":{"footnotes":""},"categories":[1],"tags":[54],"_links":{"self":[{"href":"https:\/\/www.mv-kollmitzberg.at\/neu\/wp-json\/wp\/v2\/posts\/3205"}],"collection":[{"href":"https:\/\/www.mv-kollmitzberg.at\/neu\/wp-json\/wp\/v2\/posts"}],"about":[{"href":"https:\/\/www.mv-kollmitzberg.at\/neu\/wp-json\/wp\/v2\/types\/post"}],"author":[{"embeddable":true,"href":"https:\/\/www.mv-kollmitzberg.at\/neu\/wp-json\/wp\/v2\/users\/7"}],"replies":[{"embeddable":true,"href":"https:\/\/www.mv-kollmitzberg.at\/neu\/wp-json\/wp\/v2\/comments?post=3205"}],"version-history":[{"count":0,"href":"https:\/\/www.mv-kollmitzberg.at\/neu\/wp-json\/wp\/v2\/posts\/3205\/revisions"}],"wp:featuredmedia":[{"embeddable":true,"href":"https:\/\/www.mv-kollmitzberg.at\/neu\/wp-json\/wp\/v2\/media\/3204"}],"wp:attachment":[{"href":"https:\/\/www.mv-kollmitzberg.at\/neu\/wp-json\/wp\/v2\/media?parent=3205"}],"wp:term":[{"taxonomy":"category","embeddable":true,"href":"https:\/\/www.mv-kollmitzberg.at\/neu\/wp-json\/wp\/v2\/categories?post=3205"},{"taxonomy":"post_tag","embeddable":true,"href":"https:\/\/www.mv-kollmitzberg.at\/neu\/wp-json\/wp\/v2\/tags?post=3205"}],"curies":[{"name":"wp","href":"https:\/\/api.w.org\/{rel}","templated":true}]}}