{"id":3203,"date":"2024-04-15T20:11:13","date_gmt":"2024-04-15T18:11:13","guid":{"rendered":"https:\/\/www.mv-kollmitzberg.at\/neu\/2024\/04\/15\/135258989836808_952499406877467\/"},"modified":"2024-04-15T20:11:13","modified_gmt":"2024-04-15T18:11:13","slug":"135258989836808_952499406877467","status":"publish","type":"post","link":"https:\/\/www.mv-kollmitzberg.at\/neu\/2024\/04\/15\/135258989836808_952499406877467\/","title":{"rendered":"VORSTAND"},"content":{"rendered":"<p>Wir sind stolz darauf, euch unsere talentierten und engagierten Beir\u00e4te vorzustellen, die das R\u00fcckgrat unseres Vereins bilden! \ud83d\udcaa\ud83d\ude0a<br \/>\nVon links nach rechts: Thomas Haag, Gerhard Bauer, Peter Pressl, Thomas Huber, Johann G\u00fcnther, Melanie Ritt, Sonja Steiner und Konrad Gindl.<br \/>\nIhre Vielseitigkeit erstreckt sich \u00fcber verschiedene Bereiche, die f\u00fcr das reibungslose Funktionieren unseres Vereins von entscheidender Bedeutung sind &#8211; von \u00f6konomischer Planung \u00fcber IT-Expertise, technischem Dienst bis hin zur Bereitstellung von Traktoren und vielem mehr! \ud83d\ude9c\ud83d\udca1\ud83e\uddd1\ud83c\udffc\u200d\ud83d\udcbb\ud83d\udcc8<br \/>\nDank ihrer unerm\u00fcdlichen Arbeit und ihres Engagements werden viele Facetten unseres Vereins abgedeckt. \ud83d\udc99\ud83d\udc9a<div id='gallery-1' class='gallery galleryid-3203 gallery-columns-3 gallery-size-thumbnail'><figure class='gallery-item'>\n\t\t\t<div class='gallery-icon landscape'>\n\t\t\t\t<a href='https:\/\/www.mv-kollmitzberg.at\/neu\/wp-content\/uploads\/2024\/11\/fb_135258989836808_952499406877467_1.jpeg' title=\"\" data-rl_title=\"\" class=\"rl-gallery-link\" data-rl_caption=\"\" data-rel=\"lightbox-gallery-1\"><img loading=\"lazy\" decoding=\"async\" width=\"150\" height=\"150\" src=\"https:\/\/www.mv-kollmitzberg.at\/neu\/wp-content\/uploads\/2024\/11\/fb_135258989836808_952499406877467_1-150x150.jpeg\" class=\"attachment-thumbnail size-thumbnail\" alt=\"\" srcset=\"https:\/\/www.mv-kollmitzberg.at\/neu\/wp-content\/uploads\/2024\/11\/fb_135258989836808_952499406877467_1-150x150.jpeg 150w, https:\/\/www.mv-kollmitzberg.at\/neu\/wp-content\/uploads\/2024\/11\/fb_135258989836808_952499406877467_1-250x250.jpeg 250w, https:\/\/www.mv-kollmitzberg.at\/neu\/wp-content\/uploads\/2024\/11\/fb_135258989836808_952499406877467_1-174x174.jpeg 174w\" sizes=\"(max-width: 150px) 100vw, 150px\" \/><\/a>\n\t\t\t<\/div><\/figure>\n\t\t<\/div>\n<\/p>\n","protected":false},"excerpt":{"rendered":"<p>Wir sind stolz darauf, euch unsere talentierten und engagierten Beir\u00e4te vorzustellen, die das R\u00fcckgrat unseres Vereins bilden! \ud83d\udcaa\ud83d\ude0a Von links nach rechts: Thomas Haag, Gerhard Bauer, Peter Pressl, Thomas Huber, <a href=\"https:\/\/www.mv-kollmitzberg.at\/neu\/2024\/04\/15\/135258989836808_952499406877467\/\" rel=\"nofollow\"><span class=\"sr-only\">Read more about VORSTAND<\/span>[&hellip;]<\/a><\/p>\n","protected":false},"author":7,"featured_media":3202,"comment_status":"","ping_status":"","sticky":false,"template":"","format":"standard","meta":{"footnotes":""},"categories":[1],"tags":[54],"_links":{"self":[{"href":"https:\/\/www.mv-kollmitzberg.at\/neu\/wp-json\/wp\/v2\/posts\/3203"}],"collection":[{"href":"https:\/\/www.mv-kollmitzberg.at\/neu\/wp-json\/wp\/v2\/posts"}],"about":[{"href":"https:\/\/www.mv-kollmitzberg.at\/neu\/wp-json\/wp\/v2\/types\/post"}],"author":[{"embeddable":true,"href":"https:\/\/www.mv-kollmitzberg.at\/neu\/wp-json\/wp\/v2\/users\/7"}],"replies":[{"embeddable":true,"href":"https:\/\/www.mv-kollmitzberg.at\/neu\/wp-json\/wp\/v2\/comments?post=3203"}],"version-history":[{"count":0,"href":"https:\/\/www.mv-kollmitzberg.at\/neu\/wp-json\/wp\/v2\/posts\/3203\/revisions"}],"wp:featuredmedia":[{"embeddable":true,"href":"https:\/\/www.mv-kollmitzberg.at\/neu\/wp-json\/wp\/v2\/media\/3202"}],"wp:attachment":[{"href":"https:\/\/www.mv-kollmitzberg.at\/neu\/wp-json\/wp\/v2\/media?parent=3203"}],"wp:term":[{"taxonomy":"category","embeddable":true,"href":"https:\/\/www.mv-kollmitzberg.at\/neu\/wp-json\/wp\/v2\/categories?post=3203"},{"taxonomy":"post_tag","embeddable":true,"href":"https:\/\/www.mv-kollmitzberg.at\/neu\/wp-json\/wp\/v2\/tags?post=3203"}],"curies":[{"name":"wp","href":"https:\/\/api.w.org\/{rel}","templated":true}]}}