{"id":3094,"date":"2024-08-11T19:00:30","date_gmt":"2024-08-11T17:00:30","guid":{"rendered":"https:\/\/www.mv-kollmitzberg.at\/neu\/2024\/08\/11\/135258989836808_1037493941711346\/"},"modified":"2024-08-11T19:00:30","modified_gmt":"2024-08-11T17:00:30","slug":"135258989836808_1037493941711346","status":"publish","type":"post","link":"https:\/\/www.mv-kollmitzberg.at\/neu\/2024\/08\/11\/135258989836808_1037493941711346\/","title":{"rendered":"MINIMUSIDAY"},"content":{"rendered":"<p>Gestern nahmen auch wir mit unseren Jungmusiker*innen beim bezirksweiten MiniMusiDay in Winklarn teil. \ud83d\ude0a\ud83c\udfb6<br \/>\nVielen Dank an unsere Jugendreferentinnen f\u00fcr euer Engagement und dankesch\u00f6n an die Bezirksjugendreferentinnen f\u00fcr die Organisation von diesem tollen Event.\ud83e\udd29\ud83d\udc99\ud83d\udc9a<div id='gallery-1' class='gallery galleryid-3094 gallery-columns-3 gallery-size-thumbnail'><figure class='gallery-item'>\n\t\t\t<div class='gallery-icon landscape'>\n\t\t\t\t<a href='https:\/\/www.mv-kollmitzberg.at\/neu\/wp-content\/uploads\/2024\/11\/fb_135258989836808_1037493941711346_1.jpeg' title=\"\" data-rl_title=\"\" class=\"rl-gallery-link\" data-rl_caption=\"\" data-rel=\"lightbox-gallery-1\"><img loading=\"lazy\" decoding=\"async\" width=\"150\" height=\"150\" src=\"https:\/\/www.mv-kollmitzberg.at\/neu\/wp-content\/uploads\/2024\/11\/fb_135258989836808_1037493941711346_1-150x150.jpeg\" class=\"attachment-thumbnail size-thumbnail\" alt=\"\" srcset=\"https:\/\/www.mv-kollmitzberg.at\/neu\/wp-content\/uploads\/2024\/11\/fb_135258989836808_1037493941711346_1-150x150.jpeg 150w, https:\/\/www.mv-kollmitzberg.at\/neu\/wp-content\/uploads\/2024\/11\/fb_135258989836808_1037493941711346_1-300x300.jpeg 300w, https:\/\/www.mv-kollmitzberg.at\/neu\/wp-content\/uploads\/2024\/11\/fb_135258989836808_1037493941711346_1-250x250.jpeg 250w, https:\/\/www.mv-kollmitzberg.at\/neu\/wp-content\/uploads\/2024\/11\/fb_135258989836808_1037493941711346_1-174x174.jpeg 174w, https:\/\/www.mv-kollmitzberg.at\/neu\/wp-content\/uploads\/2024\/11\/fb_135258989836808_1037493941711346_1.jpeg 720w\" sizes=\"(max-width: 150px) 100vw, 150px\" \/><\/a>\n\t\t\t<\/div><\/figure>\n\t\t<\/div>\n<\/p>\n","protected":false},"excerpt":{"rendered":"<p>Gestern nahmen auch wir mit unseren Jungmusiker*innen beim bezirksweiten MiniMusiDay in Winklarn teil. \ud83d\ude0a\ud83c\udfb6 Vielen Dank an unsere Jugendreferentinnen f\u00fcr euer Engagement und dankesch\u00f6n an die Bezirksjugendreferentinnen f\u00fcr die Organisation <a href=\"https:\/\/www.mv-kollmitzberg.at\/neu\/2024\/08\/11\/135258989836808_1037493941711346\/\" rel=\"nofollow\"><span class=\"sr-only\">Read more about MINIMUSIDAY<\/span>[&hellip;]<\/a><\/p>\n","protected":false},"author":7,"featured_media":3093,"comment_status":"","ping_status":"","sticky":false,"template":"","format":"standard","meta":{"footnotes":""},"categories":[1],"tags":[54,4],"_links":{"self":[{"href":"https:\/\/www.mv-kollmitzberg.at\/neu\/wp-json\/wp\/v2\/posts\/3094"}],"collection":[{"href":"https:\/\/www.mv-kollmitzberg.at\/neu\/wp-json\/wp\/v2\/posts"}],"about":[{"href":"https:\/\/www.mv-kollmitzberg.at\/neu\/wp-json\/wp\/v2\/types\/post"}],"author":[{"embeddable":true,"href":"https:\/\/www.mv-kollmitzberg.at\/neu\/wp-json\/wp\/v2\/users\/7"}],"replies":[{"embeddable":true,"href":"https:\/\/www.mv-kollmitzberg.at\/neu\/wp-json\/wp\/v2\/comments?post=3094"}],"version-history":[{"count":0,"href":"https:\/\/www.mv-kollmitzberg.at\/neu\/wp-json\/wp\/v2\/posts\/3094\/revisions"}],"wp:featuredmedia":[{"embeddable":true,"href":"https:\/\/www.mv-kollmitzberg.at\/neu\/wp-json\/wp\/v2\/media\/3093"}],"wp:attachment":[{"href":"https:\/\/www.mv-kollmitzberg.at\/neu\/wp-json\/wp\/v2\/media?parent=3094"}],"wp:term":[{"taxonomy":"category","embeddable":true,"href":"https:\/\/www.mv-kollmitzberg.at\/neu\/wp-json\/wp\/v2\/categories?post=3094"},{"taxonomy":"post_tag","embeddable":true,"href":"https:\/\/www.mv-kollmitzberg.at\/neu\/wp-json\/wp\/v2\/tags?post=3094"}],"curies":[{"name":"wp","href":"https:\/\/api.w.org\/{rel}","templated":true}]}}