{"id":3092,"date":"2024-08-17T19:30:10","date_gmt":"2024-08-17T17:30:10","guid":{"rendered":"https:\/\/www.mv-kollmitzberg.at\/neu\/2024\/08\/17\/135258989836808_1041893454604728\/"},"modified":"2024-08-17T19:30:10","modified_gmt":"2024-08-17T17:30:10","slug":"135258989836808_1041893454604728","status":"publish","type":"post","link":"https:\/\/www.mv-kollmitzberg.at\/neu\/2024\/08\/17\/135258989836808_1041893454604728\/","title":{"rendered":"VORSTAND"},"content":{"rendered":"<p>&#8222;Im Schritt Marsch!&#8220; \u2013 Heute m\u00f6chten wir euch ein weiteres Mitglied unseres Vorstands vorstellen: Thomas Haag! Als Stabf\u00fchrer f\u00fchrt uns Thomas mit gro\u00dfem Engagement und Erfolg durch zahlreiche Ausr\u00fcckungen. \ud83d\udc4f\ud83c\udfba<br \/>\nGemeinsam mit unseren Marketenderinnen Katharina Haag, Anita Hinterleitner, Theresa Spiegl und Michaela Mayerhofer (v.l.n.r.) bilden sie die erste Reihe bei unseren Ausr\u00fcckungen.<br \/>\nEin herzliches Dankesch\u00f6n an euch f\u00fcr eure exzellente Arbeit und euer Engagement! \ud83d\udc99\ud83d\udc9a<div id='gallery-1' class='gallery galleryid-3092 gallery-columns-3 gallery-size-thumbnail'><figure class='gallery-item'>\n\t\t\t<div class='gallery-icon portrait'>\n\t\t\t\t<a href='https:\/\/www.mv-kollmitzberg.at\/neu\/wp-content\/uploads\/2024\/11\/fb_135258989836808_1041893454604728_1.jpeg' title=\"\" data-rl_title=\"\" class=\"rl-gallery-link\" data-rl_caption=\"\" data-rel=\"lightbox-gallery-1\"><img loading=\"lazy\" decoding=\"async\" width=\"150\" height=\"150\" src=\"https:\/\/www.mv-kollmitzberg.at\/neu\/wp-content\/uploads\/2024\/11\/fb_135258989836808_1041893454604728_1-150x150.jpeg\" class=\"attachment-thumbnail size-thumbnail\" alt=\"\" srcset=\"https:\/\/www.mv-kollmitzberg.at\/neu\/wp-content\/uploads\/2024\/11\/fb_135258989836808_1041893454604728_1-150x150.jpeg 150w, https:\/\/www.mv-kollmitzberg.at\/neu\/wp-content\/uploads\/2024\/11\/fb_135258989836808_1041893454604728_1-250x250.jpeg 250w, https:\/\/www.mv-kollmitzberg.at\/neu\/wp-content\/uploads\/2024\/11\/fb_135258989836808_1041893454604728_1-174x174.jpeg 174w\" sizes=\"(max-width: 150px) 100vw, 150px\" \/><\/a>\n\t\t\t<\/div><\/figure><figure class='gallery-item'>\n\t\t\t<div class='gallery-icon landscape'>\n\t\t\t\t<a href='https:\/\/www.mv-kollmitzberg.at\/neu\/wp-content\/uploads\/2024\/11\/fb_135258989836808_1041893454604728_2.jpeg' title=\"\" data-rl_title=\"\" class=\"rl-gallery-link\" data-rl_caption=\"\" data-rel=\"lightbox-gallery-1\"><img loading=\"lazy\" decoding=\"async\" width=\"150\" height=\"150\" src=\"https:\/\/www.mv-kollmitzberg.at\/neu\/wp-content\/uploads\/2024\/11\/fb_135258989836808_1041893454604728_2-150x150.jpeg\" class=\"attachment-thumbnail size-thumbnail\" alt=\"\" srcset=\"https:\/\/www.mv-kollmitzberg.at\/neu\/wp-content\/uploads\/2024\/11\/fb_135258989836808_1041893454604728_2-150x150.jpeg 150w, https:\/\/www.mv-kollmitzberg.at\/neu\/wp-content\/uploads\/2024\/11\/fb_135258989836808_1041893454604728_2-250x250.jpeg 250w, https:\/\/www.mv-kollmitzberg.at\/neu\/wp-content\/uploads\/2024\/11\/fb_135258989836808_1041893454604728_2-174x174.jpeg 174w\" sizes=\"(max-width: 150px) 100vw, 150px\" \/><\/a>\n\t\t\t<\/div><\/figure>\n\t\t<\/div>\n<\/p>\n","protected":false},"excerpt":{"rendered":"<p>&#8222;Im Schritt Marsch!&#8220; \u2013 Heute m\u00f6chten wir euch ein weiteres Mitglied unseres Vorstands vorstellen: Thomas Haag! Als Stabf\u00fchrer f\u00fchrt uns Thomas mit gro\u00dfem Engagement und Erfolg durch zahlreiche Ausr\u00fcckungen. \ud83d\udc4f\ud83c\udfba <a href=\"https:\/\/www.mv-kollmitzberg.at\/neu\/2024\/08\/17\/135258989836808_1041893454604728\/\" rel=\"nofollow\"><span class=\"sr-only\">Read more about VORSTAND<\/span>[&hellip;]<\/a><\/p>\n","protected":false},"author":7,"featured_media":3090,"comment_status":"","ping_status":"","sticky":false,"template":"","format":"standard","meta":{"footnotes":""},"categories":[1],"tags":[54],"_links":{"self":[{"href":"https:\/\/www.mv-kollmitzberg.at\/neu\/wp-json\/wp\/v2\/posts\/3092"}],"collection":[{"href":"https:\/\/www.mv-kollmitzberg.at\/neu\/wp-json\/wp\/v2\/posts"}],"about":[{"href":"https:\/\/www.mv-kollmitzberg.at\/neu\/wp-json\/wp\/v2\/types\/post"}],"author":[{"embeddable":true,"href":"https:\/\/www.mv-kollmitzberg.at\/neu\/wp-json\/wp\/v2\/users\/7"}],"replies":[{"embeddable":true,"href":"https:\/\/www.mv-kollmitzberg.at\/neu\/wp-json\/wp\/v2\/comments?post=3092"}],"version-history":[{"count":0,"href":"https:\/\/www.mv-kollmitzberg.at\/neu\/wp-json\/wp\/v2\/posts\/3092\/revisions"}],"wp:featuredmedia":[{"embeddable":true,"href":"https:\/\/www.mv-kollmitzberg.at\/neu\/wp-json\/wp\/v2\/media\/3090"}],"wp:attachment":[{"href":"https:\/\/www.mv-kollmitzberg.at\/neu\/wp-json\/wp\/v2\/media?parent=3092"}],"wp:term":[{"taxonomy":"category","embeddable":true,"href":"https:\/\/www.mv-kollmitzberg.at\/neu\/wp-json\/wp\/v2\/categories?post=3092"},{"taxonomy":"post_tag","embeddable":true,"href":"https:\/\/www.mv-kollmitzberg.at\/neu\/wp-json\/wp\/v2\/tags?post=3092"}],"curies":[{"name":"wp","href":"https:\/\/api.w.org\/{rel}","templated":true}]}}