{"id":3037,"date":"2024-11-07T19:00:18","date_gmt":"2024-11-07T18:00:18","guid":{"rendered":"https:\/\/www.mv-kollmitzberg.at\/neu\/2024\/11\/07\/135258989836808_1108266327967440\/"},"modified":"2024-11-07T19:00:18","modified_gmt":"2024-11-07T18:00:18","slug":"135258989836808_1108266327967440","status":"publish","type":"post","link":"https:\/\/www.mv-kollmitzberg.at\/neu\/2024\/11\/07\/135258989836808_1108266327967440\/","title":{"rendered":"MARSCHB\u00dcCHER"},"content":{"rendered":"<p>Wir freuen uns, unsere neuen Marschb\u00fccher in den H\u00e4nden zu halten und sie bei den kommenden Veranstaltungen zu pr\u00e4sentieren!\ud83d\ude0d\ud83c\udfba\ud83e\udd41<\/p>\n<p>Ein herzliches Dankesch\u00f6n an die Nieder\u00f6sterreichische Versicherung f\u00fcr das  Sponsoring, das diese Anschaffung erm\u00f6glicht hat.\ud83c\udfb6\ud83d\udc9a\ud83d\udc99<div id='gallery-1' class='gallery galleryid-3037 gallery-columns-3 gallery-size-thumbnail'><figure class='gallery-item'>\n\t\t\t<div class='gallery-icon landscape'>\n\t\t\t\t<a href='https:\/\/www.mv-kollmitzberg.at\/neu\/wp-content\/uploads\/2024\/11\/fb_135258989836808_1108266327967440_1.jpeg' title=\"\" data-rl_title=\"\" class=\"rl-gallery-link\" data-rl_caption=\"\" data-rel=\"lightbox-gallery-1\"><img loading=\"lazy\" decoding=\"async\" width=\"150\" height=\"150\" src=\"https:\/\/www.mv-kollmitzberg.at\/neu\/wp-content\/uploads\/2024\/11\/fb_135258989836808_1108266327967440_1-150x150.jpeg\" class=\"attachment-thumbnail size-thumbnail\" alt=\"\" srcset=\"https:\/\/www.mv-kollmitzberg.at\/neu\/wp-content\/uploads\/2024\/11\/fb_135258989836808_1108266327967440_1-150x150.jpeg 150w, https:\/\/www.mv-kollmitzberg.at\/neu\/wp-content\/uploads\/2024\/11\/fb_135258989836808_1108266327967440_1-250x250.jpeg 250w, https:\/\/www.mv-kollmitzberg.at\/neu\/wp-content\/uploads\/2024\/11\/fb_135258989836808_1108266327967440_1-174x174.jpeg 174w\" sizes=\"(max-width: 150px) 100vw, 150px\" \/><\/a>\n\t\t\t<\/div><\/figure>\n\t\t<\/div>\n<\/p>\n","protected":false},"excerpt":{"rendered":"<p>Wir freuen uns, unsere neuen Marschb\u00fccher in den H\u00e4nden zu halten und sie bei den kommenden Veranstaltungen zu pr\u00e4sentieren!\ud83d\ude0d\ud83c\udfba\ud83e\udd41 Ein herzliches Dankesch\u00f6n an die Nieder\u00f6sterreichische Versicherung f\u00fcr das Sponsoring, das <a href=\"https:\/\/www.mv-kollmitzberg.at\/neu\/2024\/11\/07\/135258989836808_1108266327967440\/\" rel=\"nofollow\"><span class=\"sr-only\">Read more about MARSCHB\u00dcCHER<\/span>[&hellip;]<\/a><\/p>\n","protected":false},"author":7,"featured_media":3036,"comment_status":"","ping_status":"","sticky":false,"template":"","format":"standard","meta":{"footnotes":""},"categories":[1],"tags":[54],"_links":{"self":[{"href":"https:\/\/www.mv-kollmitzberg.at\/neu\/wp-json\/wp\/v2\/posts\/3037"}],"collection":[{"href":"https:\/\/www.mv-kollmitzberg.at\/neu\/wp-json\/wp\/v2\/posts"}],"about":[{"href":"https:\/\/www.mv-kollmitzberg.at\/neu\/wp-json\/wp\/v2\/types\/post"}],"author":[{"embeddable":true,"href":"https:\/\/www.mv-kollmitzberg.at\/neu\/wp-json\/wp\/v2\/users\/7"}],"replies":[{"embeddable":true,"href":"https:\/\/www.mv-kollmitzberg.at\/neu\/wp-json\/wp\/v2\/comments?post=3037"}],"version-history":[{"count":0,"href":"https:\/\/www.mv-kollmitzberg.at\/neu\/wp-json\/wp\/v2\/posts\/3037\/revisions"}],"wp:featuredmedia":[{"embeddable":true,"href":"https:\/\/www.mv-kollmitzberg.at\/neu\/wp-json\/wp\/v2\/media\/3036"}],"wp:attachment":[{"href":"https:\/\/www.mv-kollmitzberg.at\/neu\/wp-json\/wp\/v2\/media?parent=3037"}],"wp:term":[{"taxonomy":"category","embeddable":true,"href":"https:\/\/www.mv-kollmitzberg.at\/neu\/wp-json\/wp\/v2\/categories?post=3037"},{"taxonomy":"post_tag","embeddable":true,"href":"https:\/\/www.mv-kollmitzberg.at\/neu\/wp-json\/wp\/v2\/tags?post=3037"}],"curies":[{"name":"wp","href":"https:\/\/api.w.org\/{rel}","templated":true}]}}