{"id":2982,"date":"2024-02-27T19:00:27","date_gmt":"2024-02-27T18:00:27","guid":{"rendered":"https:\/\/www.mv-kollmitzberg.at\/neu\/2024\/02\/27\/135258989836808_917270770400331\/"},"modified":"2024-02-27T19:00:27","modified_gmt":"2024-02-27T18:00:27","slug":"135258989836808_917270770400331","status":"publish","type":"post","link":"https:\/\/www.mv-kollmitzberg.at\/neu\/2024\/02\/27\/135258989836808_917270770400331\/","title":{"rendered":"JAHRESHAUPTVERSAMMLUNG"},"content":{"rendered":"<p>Am vergangenen Sonntag, 25.02., hielten wir unsere Jahreshauptversammlung im Musikheim ab. Mit dem Ende der vergangenen Vorstandsperiode wurde im Zuge der Versammlung der Vorstand f\u00fcr die kommende Periode gew\u00e4hlt. Wir freuen uns, mitteilen zu k\u00f6nnen, dass Martin Asanger als Obmann und Christian Huber als Kapellmeister ihre Positionen erfolgreich behalten haben. Ebenfalls wurde Anika Ebner als Jugend- und Nachwuchsreferentin wiedergew\u00e4hlt.\ud83d\ude0a<br \/>\nVielen Dank an unseren B\u00fcrgermeister Hannes Pressl, f\u00fcr die \u00dcbernahme des Vorsitzes der Wahl. \ud83d\ude0a<\/p>\n<p>Vielen Dank an Sophie Schwarz, die als Schriftf\u00fchrerin im Vorstand t\u00e4tig war und nun ihre T\u00e4tigkeit zur\u00fccklegte. Ein weiteres Dankesch\u00f6n gilt Peter Artner, der die Kassapr\u00fcfung f\u00fcr zwei Perioden \u00fcbernommen hatte. \ud83d\ude4f\ud83d\ude0a<br \/>\nWir m\u00f6chten uns bei allen Verantwortlichen im Vorstand bedanken und freuen uns auf weitere tolle und produktive Jahre und w\u00fcnschen ein frohes Schaffen.\ud83d\ude0a\ud83d\ude4f<div id='gallery-1' class='gallery galleryid-2982 gallery-columns-3 gallery-size-thumbnail'><figure class='gallery-item'>\n\t\t\t<div class='gallery-icon landscape'>\n\t\t\t\t<a href='https:\/\/www.mv-kollmitzberg.at\/neu\/wp-content\/uploads\/2024\/03\/fb_135258989836808_917270770400331_1-1.jpeg' title=\"\" data-rl_title=\"\" class=\"rl-gallery-link\" data-rl_caption=\"\" data-rel=\"lightbox-gallery-1\"><img loading=\"lazy\" decoding=\"async\" width=\"150\" height=\"150\" src=\"https:\/\/www.mv-kollmitzberg.at\/neu\/wp-content\/uploads\/2024\/03\/fb_135258989836808_917270770400331_1-1-150x150.jpeg\" class=\"attachment-thumbnail size-thumbnail\" alt=\"\" srcset=\"https:\/\/www.mv-kollmitzberg.at\/neu\/wp-content\/uploads\/2024\/03\/fb_135258989836808_917270770400331_1-1-150x150.jpeg 150w, https:\/\/www.mv-kollmitzberg.at\/neu\/wp-content\/uploads\/2024\/03\/fb_135258989836808_917270770400331_1-1-250x250.jpeg 250w, https:\/\/www.mv-kollmitzberg.at\/neu\/wp-content\/uploads\/2024\/03\/fb_135258989836808_917270770400331_1-1-174x174.jpeg 174w\" sizes=\"(max-width: 150px) 100vw, 150px\" \/><\/a>\n\t\t\t<\/div><\/figure><figure class='gallery-item'>\n\t\t\t<div class='gallery-icon portrait'>\n\t\t\t\t<a href='https:\/\/www.mv-kollmitzberg.at\/neu\/wp-content\/uploads\/2024\/03\/fb_135258989836808_917270770400331_2-1.jpeg' title=\"\" data-rl_title=\"\" class=\"rl-gallery-link\" data-rl_caption=\"\" data-rel=\"lightbox-gallery-1\"><img loading=\"lazy\" decoding=\"async\" width=\"150\" height=\"150\" src=\"https:\/\/www.mv-kollmitzberg.at\/neu\/wp-content\/uploads\/2024\/03\/fb_135258989836808_917270770400331_2-1-150x150.jpeg\" class=\"attachment-thumbnail size-thumbnail\" alt=\"\" srcset=\"https:\/\/www.mv-kollmitzberg.at\/neu\/wp-content\/uploads\/2024\/03\/fb_135258989836808_917270770400331_2-1-150x150.jpeg 150w, https:\/\/www.mv-kollmitzberg.at\/neu\/wp-content\/uploads\/2024\/03\/fb_135258989836808_917270770400331_2-1-250x250.jpeg 250w, https:\/\/www.mv-kollmitzberg.at\/neu\/wp-content\/uploads\/2024\/03\/fb_135258989836808_917270770400331_2-1-174x174.jpeg 174w\" sizes=\"(max-width: 150px) 100vw, 150px\" \/><\/a>\n\t\t\t<\/div><\/figure><figure class='gallery-item'>\n\t\t\t<div class='gallery-icon portrait'>\n\t\t\t\t<a href='https:\/\/www.mv-kollmitzberg.at\/neu\/wp-content\/uploads\/2024\/03\/fb_135258989836808_917270770400331_3-1.jpeg' title=\"\" data-rl_title=\"\" class=\"rl-gallery-link\" data-rl_caption=\"\" data-rel=\"lightbox-gallery-1\"><img loading=\"lazy\" decoding=\"async\" width=\"150\" height=\"150\" src=\"https:\/\/www.mv-kollmitzberg.at\/neu\/wp-content\/uploads\/2024\/03\/fb_135258989836808_917270770400331_3-1-150x150.jpeg\" class=\"attachment-thumbnail size-thumbnail\" alt=\"\" srcset=\"https:\/\/www.mv-kollmitzberg.at\/neu\/wp-content\/uploads\/2024\/03\/fb_135258989836808_917270770400331_3-1-150x150.jpeg 150w, https:\/\/www.mv-kollmitzberg.at\/neu\/wp-content\/uploads\/2024\/03\/fb_135258989836808_917270770400331_3-1-250x250.jpeg 250w, https:\/\/www.mv-kollmitzberg.at\/neu\/wp-content\/uploads\/2024\/03\/fb_135258989836808_917270770400331_3-1-174x174.jpeg 174w\" sizes=\"(max-width: 150px) 100vw, 150px\" \/><\/a>\n\t\t\t<\/div><\/figure><figure class='gallery-item'>\n\t\t\t<div class='gallery-icon portrait'>\n\t\t\t\t<a href='https:\/\/www.mv-kollmitzberg.at\/neu\/wp-content\/uploads\/2024\/03\/fb_135258989836808_917270770400331_4-1.jpeg' title=\"\" data-rl_title=\"\" class=\"rl-gallery-link\" data-rl_caption=\"\" data-rel=\"lightbox-gallery-1\"><img loading=\"lazy\" decoding=\"async\" width=\"150\" height=\"150\" src=\"https:\/\/www.mv-kollmitzberg.at\/neu\/wp-content\/uploads\/2024\/03\/fb_135258989836808_917270770400331_4-1-150x150.jpeg\" class=\"attachment-thumbnail size-thumbnail\" alt=\"\" srcset=\"https:\/\/www.mv-kollmitzberg.at\/neu\/wp-content\/uploads\/2024\/03\/fb_135258989836808_917270770400331_4-1-150x150.jpeg 150w, https:\/\/www.mv-kollmitzberg.at\/neu\/wp-content\/uploads\/2024\/03\/fb_135258989836808_917270770400331_4-1-250x250.jpeg 250w, https:\/\/www.mv-kollmitzberg.at\/neu\/wp-content\/uploads\/2024\/03\/fb_135258989836808_917270770400331_4-1-174x174.jpeg 174w\" sizes=\"(max-width: 150px) 100vw, 150px\" \/><\/a>\n\t\t\t<\/div><\/figure><figure class='gallery-item'>\n\t\t\t<div class='gallery-icon landscape'>\n\t\t\t\t<a href='https:\/\/www.mv-kollmitzberg.at\/neu\/wp-content\/uploads\/2024\/03\/fb_135258989836808_917270770400331_5-1.jpeg' title=\"\" data-rl_title=\"\" class=\"rl-gallery-link\" data-rl_caption=\"\" data-rel=\"lightbox-gallery-1\"><img loading=\"lazy\" decoding=\"async\" width=\"150\" height=\"150\" src=\"https:\/\/www.mv-kollmitzberg.at\/neu\/wp-content\/uploads\/2024\/03\/fb_135258989836808_917270770400331_5-1-150x150.jpeg\" class=\"attachment-thumbnail size-thumbnail\" alt=\"\" srcset=\"https:\/\/www.mv-kollmitzberg.at\/neu\/wp-content\/uploads\/2024\/03\/fb_135258989836808_917270770400331_5-1-150x150.jpeg 150w, https:\/\/www.mv-kollmitzberg.at\/neu\/wp-content\/uploads\/2024\/03\/fb_135258989836808_917270770400331_5-1-250x250.jpeg 250w, https:\/\/www.mv-kollmitzberg.at\/neu\/wp-content\/uploads\/2024\/03\/fb_135258989836808_917270770400331_5-1-174x174.jpeg 174w\" sizes=\"(max-width: 150px) 100vw, 150px\" \/><\/a>\n\t\t\t<\/div><\/figure>\n\t\t<\/div>\n<\/p>\n","protected":false},"excerpt":{"rendered":"<p>Am vergangenen Sonntag, 25.02., hielten wir unsere Jahreshauptversammlung im Musikheim ab. Mit dem Ende der vergangenen Vorstandsperiode wurde im Zuge der Versammlung der Vorstand f\u00fcr die kommende Periode gew\u00e4hlt. Wir <a href=\"https:\/\/www.mv-kollmitzberg.at\/neu\/2024\/02\/27\/135258989836808_917270770400331\/\" rel=\"nofollow\"><span class=\"sr-only\">Read more about JAHRESHAUPTVERSAMMLUNG<\/span>[&hellip;]<\/a><\/p>\n","protected":false},"author":7,"featured_media":2977,"comment_status":"","ping_status":"","sticky":false,"template":"","format":"standard","meta":{"footnotes":""},"categories":[1],"tags":[54,27,68,26],"_links":{"self":[{"href":"https:\/\/www.mv-kollmitzberg.at\/neu\/wp-json\/wp\/v2\/posts\/2982"}],"collection":[{"href":"https:\/\/www.mv-kollmitzberg.at\/neu\/wp-json\/wp\/v2\/posts"}],"about":[{"href":"https:\/\/www.mv-kollmitzberg.at\/neu\/wp-json\/wp\/v2\/types\/post"}],"author":[{"embeddable":true,"href":"https:\/\/www.mv-kollmitzberg.at\/neu\/wp-json\/wp\/v2\/users\/7"}],"replies":[{"embeddable":true,"href":"https:\/\/www.mv-kollmitzberg.at\/neu\/wp-json\/wp\/v2\/comments?post=2982"}],"version-history":[{"count":0,"href":"https:\/\/www.mv-kollmitzberg.at\/neu\/wp-json\/wp\/v2\/posts\/2982\/revisions"}],"wp:featuredmedia":[{"embeddable":true,"href":"https:\/\/www.mv-kollmitzberg.at\/neu\/wp-json\/wp\/v2\/media\/2977"}],"wp:attachment":[{"href":"https:\/\/www.mv-kollmitzberg.at\/neu\/wp-json\/wp\/v2\/media?parent=2982"}],"wp:term":[{"taxonomy":"category","embeddable":true,"href":"https:\/\/www.mv-kollmitzberg.at\/neu\/wp-json\/wp\/v2\/categories?post=2982"},{"taxonomy":"post_tag","embeddable":true,"href":"https:\/\/www.mv-kollmitzberg.at\/neu\/wp-json\/wp\/v2\/tags?post=2982"}],"curies":[{"name":"wp","href":"https:\/\/api.w.org\/{rel}","templated":true}]}}