{"id":2888,"date":"2023-03-03T20:00:08","date_gmt":"2023-03-03T19:00:08","guid":{"rendered":"https:\/\/www.mv-kollmitzberg.at\/neu\/2023\/03\/03\/135258989836808_670972208363523\/"},"modified":"2023-03-03T20:00:08","modified_gmt":"2023-03-03T19:00:08","slug":"135258989836808_670972208363523","status":"publish","type":"post","link":"https:\/\/www.mv-kollmitzberg.at\/neu\/2023\/03\/03\/135258989836808_670972208363523\/","title":{"rendered":"JUNIOR   COMBO\nU"},"content":{"rendered":"<p>Unsere Junior Combo hat f\u00fcnf talentierte Nachwuchsmusikerinnen aufgenommen, die  bereits sehr flei\u00dfig und engagiert musizieren. Mit ihren F\u00e4higkeiten auf der Klarinette, dem Saxofon, der Querfl\u00f6te und der Trompete unterst\u00fctzen sie uns auf hervorragende Weise.<br \/>\nWir hei\u00dfen unsere neuen Nachwuchsmusikerinnen in der Junior Combo herzlich willkommen und freuen uns auf viele gemeinsame musikalische Abenteuer!<div id='gallery-1' class='gallery galleryid-2888 gallery-columns-3 gallery-size-thumbnail'><figure class='gallery-item'>\n\t\t\t<div class='gallery-icon landscape'>\n\t\t\t\t<a href='https:\/\/www.mv-kollmitzberg.at\/neu\/wp-content\/uploads\/2024\/01\/fb_135258989836808_670972208363523_1.jpeg' title=\"\" data-rl_title=\"\" class=\"rl-gallery-link\" data-rl_caption=\"\" data-rel=\"lightbox-gallery-1\"><img loading=\"lazy\" decoding=\"async\" width=\"150\" height=\"150\" src=\"https:\/\/www.mv-kollmitzberg.at\/neu\/wp-content\/uploads\/2024\/01\/fb_135258989836808_670972208363523_1-150x150.jpeg\" class=\"attachment-thumbnail size-thumbnail\" alt=\"\" srcset=\"https:\/\/www.mv-kollmitzberg.at\/neu\/wp-content\/uploads\/2024\/01\/fb_135258989836808_670972208363523_1-150x150.jpeg 150w, https:\/\/www.mv-kollmitzberg.at\/neu\/wp-content\/uploads\/2024\/01\/fb_135258989836808_670972208363523_1-250x250.jpeg 250w, https:\/\/www.mv-kollmitzberg.at\/neu\/wp-content\/uploads\/2024\/01\/fb_135258989836808_670972208363523_1-174x174.jpeg 174w\" sizes=\"(max-width: 150px) 100vw, 150px\" \/><\/a>\n\t\t\t<\/div><\/figure>\n\t\t<\/div>\n<\/p>\n","protected":false},"excerpt":{"rendered":"<p>Unsere Junior Combo hat f\u00fcnf talentierte Nachwuchsmusikerinnen aufgenommen, die bereits sehr flei\u00dfig und engagiert musizieren. Mit ihren F\u00e4higkeiten auf der Klarinette, dem Saxofon, der Querfl\u00f6te und der Trompete unterst\u00fctzen sie <a href=\"https:\/\/www.mv-kollmitzberg.at\/neu\/2023\/03\/03\/135258989836808_670972208363523\/\" rel=\"nofollow\"><span class=\"sr-only\">Read more about JUNIOR   COMBO<br \/>\nU<\/span>[&hellip;]<\/a><\/p>\n","protected":false},"author":7,"featured_media":2887,"comment_status":"","ping_status":"","sticky":false,"template":"","format":"standard","meta":{"footnotes":""},"categories":[1],"tags":[53,4],"_links":{"self":[{"href":"https:\/\/www.mv-kollmitzberg.at\/neu\/wp-json\/wp\/v2\/posts\/2888"}],"collection":[{"href":"https:\/\/www.mv-kollmitzberg.at\/neu\/wp-json\/wp\/v2\/posts"}],"about":[{"href":"https:\/\/www.mv-kollmitzberg.at\/neu\/wp-json\/wp\/v2\/types\/post"}],"author":[{"embeddable":true,"href":"https:\/\/www.mv-kollmitzberg.at\/neu\/wp-json\/wp\/v2\/users\/7"}],"replies":[{"embeddable":true,"href":"https:\/\/www.mv-kollmitzberg.at\/neu\/wp-json\/wp\/v2\/comments?post=2888"}],"version-history":[{"count":0,"href":"https:\/\/www.mv-kollmitzberg.at\/neu\/wp-json\/wp\/v2\/posts\/2888\/revisions"}],"wp:featuredmedia":[{"embeddable":true,"href":"https:\/\/www.mv-kollmitzberg.at\/neu\/wp-json\/wp\/v2\/media\/2887"}],"wp:attachment":[{"href":"https:\/\/www.mv-kollmitzberg.at\/neu\/wp-json\/wp\/v2\/media?parent=2888"}],"wp:term":[{"taxonomy":"category","embeddable":true,"href":"https:\/\/www.mv-kollmitzberg.at\/neu\/wp-json\/wp\/v2\/categories?post=2888"},{"taxonomy":"post_tag","embeddable":true,"href":"https:\/\/www.mv-kollmitzberg.at\/neu\/wp-json\/wp\/v2\/tags?post=2888"}],"curies":[{"name":"wp","href":"https:\/\/api.w.org\/{rel}","templated":true}]}}