{"id":2886,"date":"2023-03-10T18:00:02","date_gmt":"2023-03-10T17:00:02","guid":{"rendered":"https:\/\/www.mv-kollmitzberg.at\/neu\/2023\/03\/10\/135258989836808_676058327854911\/"},"modified":"2023-03-10T18:00:02","modified_gmt":"2023-03-10T17:00:02","slug":"135258989836808_676058327854911","status":"publish","type":"post","link":"https:\/\/www.mv-kollmitzberg.at\/neu\/2023\/03\/10\/135258989836808_676058327854911\/","title":{"rendered":"JAHRESHAUPTVERSAMMLUNG\nL"},"content":{"rendered":"<p>Letzten Samstag, fand unsere Jahreshauptversammlung nach einer erfolgreichen Musikprobe statt. Unser Obmann, Martin Asanger, unser Kapellmeister, Christian Huber, und unser Jugendteam Anika Ebner und Peter Pressl haben in ihren Jahresberichten das vergangene Jahr Revue passieren lassen und einen Ausblick auf das musikalische Jahr 2023 gegeben.<br \/>\nWir verabschiedeten mit dieser JHV auch ein einige Vorstandsmitglieder, Fischer Andreas, Feigl Daniel, Sonja Amon und Weingartner Marina.<br \/>\nLieber Andi, Daniel, liebe Sonja und Marina, vielen herzlichen Dank f\u00fcr euren intensiven Einsatz im Vorstand in den letzten Jahren. Sie haben gro\u00dfartige Arbeit in den verschiedensten Bereichen, als Beirat, Kassierin und Jugendreferentin geleistet. Aber nicht nur das, auf sie war immer Verlass, beispielsweise beim Planen, Organisieren, Aufbauen und Wegr\u00e4umen nach Veranstaltungen. Mit viel Geschick und Verl\u00e4sslichkeit leisteten sie gro\u00dfe Unterst\u00fctzung. Vielen Dank f\u00fcr euren Einsatz! \ud83d\ude4f\ud83d\ude0a<br \/>\nNeu im Vorstand d\u00fcrfen wir nun Peter Pressl, Hanna Mayerhofer, Roland Aiglinger und David Ebner begr\u00fc\u00dfen. Danke, dass ihr uns in wichtigen Rollen unterst\u00fctzt.\ud83d\udc4b\ud83d\ude0a<br \/>\nWir d\u00fcrfen euch nun recht herzlich zu unserem n\u00e4chsten musikalischen Highlight, dem Fr\u00fchlingskonzert, am 1. April in der Sporthalle Ardagger, einladen und freuen uns auf viele Zuh\u00f6rerinnen und Zuh\u00f6rer\ud83d\ude0a\ud83c\udfb6<div id='gallery-1' class='gallery galleryid-2886 gallery-columns-3 gallery-size-thumbnail'><figure class='gallery-item'>\n\t\t\t<div class='gallery-icon landscape'>\n\t\t\t\t<a href='https:\/\/www.mv-kollmitzberg.at\/neu\/wp-content\/uploads\/2024\/01\/fb_135258989836808_676058327854911_1.jpeg' title=\"\" data-rl_title=\"\" class=\"rl-gallery-link\" data-rl_caption=\"\" data-rel=\"lightbox-gallery-1\"><img loading=\"lazy\" decoding=\"async\" width=\"150\" height=\"150\" src=\"https:\/\/www.mv-kollmitzberg.at\/neu\/wp-content\/uploads\/2024\/01\/fb_135258989836808_676058327854911_1-150x150.jpeg\" class=\"attachment-thumbnail size-thumbnail\" alt=\"\" srcset=\"https:\/\/www.mv-kollmitzberg.at\/neu\/wp-content\/uploads\/2024\/01\/fb_135258989836808_676058327854911_1-150x150.jpeg 150w, https:\/\/www.mv-kollmitzberg.at\/neu\/wp-content\/uploads\/2024\/01\/fb_135258989836808_676058327854911_1-250x250.jpeg 250w, https:\/\/www.mv-kollmitzberg.at\/neu\/wp-content\/uploads\/2024\/01\/fb_135258989836808_676058327854911_1-174x174.jpeg 174w\" sizes=\"(max-width: 150px) 100vw, 150px\" \/><\/a>\n\t\t\t<\/div><\/figure><figure class='gallery-item'>\n\t\t\t<div class='gallery-icon portrait'>\n\t\t\t\t<a href='https:\/\/www.mv-kollmitzberg.at\/neu\/wp-content\/uploads\/2024\/01\/fb_135258989836808_676058327854911_2.jpeg' title=\"\" data-rl_title=\"\" class=\"rl-gallery-link\" data-rl_caption=\"\" data-rel=\"lightbox-gallery-1\"><img loading=\"lazy\" decoding=\"async\" width=\"150\" height=\"150\" src=\"https:\/\/www.mv-kollmitzberg.at\/neu\/wp-content\/uploads\/2024\/01\/fb_135258989836808_676058327854911_2-150x150.jpeg\" class=\"attachment-thumbnail size-thumbnail\" alt=\"\" srcset=\"https:\/\/www.mv-kollmitzberg.at\/neu\/wp-content\/uploads\/2024\/01\/fb_135258989836808_676058327854911_2-150x150.jpeg 150w, https:\/\/www.mv-kollmitzberg.at\/neu\/wp-content\/uploads\/2024\/01\/fb_135258989836808_676058327854911_2-250x250.jpeg 250w, https:\/\/www.mv-kollmitzberg.at\/neu\/wp-content\/uploads\/2024\/01\/fb_135258989836808_676058327854911_2-174x174.jpeg 174w\" sizes=\"(max-width: 150px) 100vw, 150px\" \/><\/a>\n\t\t\t<\/div><\/figure><figure class='gallery-item'>\n\t\t\t<div class='gallery-icon portrait'>\n\t\t\t\t<a href='https:\/\/www.mv-kollmitzberg.at\/neu\/wp-content\/uploads\/2024\/01\/fb_135258989836808_676058327854911_3.jpeg' title=\"\" data-rl_title=\"\" class=\"rl-gallery-link\" data-rl_caption=\"\" data-rel=\"lightbox-gallery-1\"><img loading=\"lazy\" decoding=\"async\" width=\"150\" height=\"150\" src=\"https:\/\/www.mv-kollmitzberg.at\/neu\/wp-content\/uploads\/2024\/01\/fb_135258989836808_676058327854911_3-150x150.jpeg\" class=\"attachment-thumbnail size-thumbnail\" alt=\"\" srcset=\"https:\/\/www.mv-kollmitzberg.at\/neu\/wp-content\/uploads\/2024\/01\/fb_135258989836808_676058327854911_3-150x150.jpeg 150w, https:\/\/www.mv-kollmitzberg.at\/neu\/wp-content\/uploads\/2024\/01\/fb_135258989836808_676058327854911_3-250x250.jpeg 250w, https:\/\/www.mv-kollmitzberg.at\/neu\/wp-content\/uploads\/2024\/01\/fb_135258989836808_676058327854911_3-174x174.jpeg 174w\" sizes=\"(max-width: 150px) 100vw, 150px\" \/><\/a>\n\t\t\t<\/div><\/figure><figure class='gallery-item'>\n\t\t\t<div class='gallery-icon landscape'>\n\t\t\t\t<a href='https:\/\/www.mv-kollmitzberg.at\/neu\/wp-content\/uploads\/2024\/01\/fb_135258989836808_676058327854911_4.jpeg' title=\"\" data-rl_title=\"\" class=\"rl-gallery-link\" data-rl_caption=\"\" data-rel=\"lightbox-gallery-1\"><img loading=\"lazy\" decoding=\"async\" width=\"150\" height=\"150\" src=\"https:\/\/www.mv-kollmitzberg.at\/neu\/wp-content\/uploads\/2024\/01\/fb_135258989836808_676058327854911_4-150x150.jpeg\" class=\"attachment-thumbnail size-thumbnail\" alt=\"\" srcset=\"https:\/\/www.mv-kollmitzberg.at\/neu\/wp-content\/uploads\/2024\/01\/fb_135258989836808_676058327854911_4-150x150.jpeg 150w, https:\/\/www.mv-kollmitzberg.at\/neu\/wp-content\/uploads\/2024\/01\/fb_135258989836808_676058327854911_4-250x250.jpeg 250w, https:\/\/www.mv-kollmitzberg.at\/neu\/wp-content\/uploads\/2024\/01\/fb_135258989836808_676058327854911_4-174x174.jpeg 174w\" sizes=\"(max-width: 150px) 100vw, 150px\" \/><\/a>\n\t\t\t<\/div><\/figure><figure class='gallery-item'>\n\t\t\t<div class='gallery-icon portrait'>\n\t\t\t\t<a href='https:\/\/www.mv-kollmitzberg.at\/neu\/wp-content\/uploads\/2024\/01\/fb_135258989836808_676058327854911_5.jpeg' title=\"\" data-rl_title=\"\" class=\"rl-gallery-link\" data-rl_caption=\"\" data-rel=\"lightbox-gallery-1\"><img loading=\"lazy\" decoding=\"async\" width=\"150\" height=\"150\" src=\"https:\/\/www.mv-kollmitzberg.at\/neu\/wp-content\/uploads\/2024\/01\/fb_135258989836808_676058327854911_5-150x150.jpeg\" class=\"attachment-thumbnail size-thumbnail\" alt=\"\" srcset=\"https:\/\/www.mv-kollmitzberg.at\/neu\/wp-content\/uploads\/2024\/01\/fb_135258989836808_676058327854911_5-150x150.jpeg 150w, https:\/\/www.mv-kollmitzberg.at\/neu\/wp-content\/uploads\/2024\/01\/fb_135258989836808_676058327854911_5-250x250.jpeg 250w, https:\/\/www.mv-kollmitzberg.at\/neu\/wp-content\/uploads\/2024\/01\/fb_135258989836808_676058327854911_5-174x174.jpeg 174w\" sizes=\"(max-width: 150px) 100vw, 150px\" \/><\/a>\n\t\t\t<\/div><\/figure><figure class='gallery-item'>\n\t\t\t<div class='gallery-icon portrait'>\n\t\t\t\t<a href='https:\/\/www.mv-kollmitzberg.at\/neu\/wp-content\/uploads\/2024\/01\/fb_135258989836808_676058327854911_6.jpeg' title=\"\" data-rl_title=\"\" class=\"rl-gallery-link\" data-rl_caption=\"\" data-rel=\"lightbox-gallery-1\"><img loading=\"lazy\" decoding=\"async\" width=\"150\" height=\"150\" src=\"https:\/\/www.mv-kollmitzberg.at\/neu\/wp-content\/uploads\/2024\/01\/fb_135258989836808_676058327854911_6-150x150.jpeg\" class=\"attachment-thumbnail size-thumbnail\" alt=\"\" srcset=\"https:\/\/www.mv-kollmitzberg.at\/neu\/wp-content\/uploads\/2024\/01\/fb_135258989836808_676058327854911_6-150x150.jpeg 150w, https:\/\/www.mv-kollmitzberg.at\/neu\/wp-content\/uploads\/2024\/01\/fb_135258989836808_676058327854911_6-250x250.jpeg 250w, https:\/\/www.mv-kollmitzberg.at\/neu\/wp-content\/uploads\/2024\/01\/fb_135258989836808_676058327854911_6-174x174.jpeg 174w\" sizes=\"(max-width: 150px) 100vw, 150px\" \/><\/a>\n\t\t\t<\/div><\/figure>\n\t\t<\/div>\n<\/p>\n","protected":false},"excerpt":{"rendered":"<p>Letzten Samstag, fand unsere Jahreshauptversammlung nach einer erfolgreichen Musikprobe statt. Unser Obmann, Martin Asanger, unser Kapellmeister, Christian Huber, und unser Jugendteam Anika Ebner und Peter Pressl haben in ihren Jahresberichten <a href=\"https:\/\/www.mv-kollmitzberg.at\/neu\/2023\/03\/10\/135258989836808_676058327854911\/\" rel=\"nofollow\"><span class=\"sr-only\">Read more about JAHRESHAUPTVERSAMMLUNG<br \/>\nL<\/span>[&hellip;]<\/a><\/p>\n","protected":false},"author":7,"featured_media":2880,"comment_status":"","ping_status":"","sticky":false,"template":"","format":"standard","meta":{"footnotes":""},"categories":[1],"tags":[53,27,4],"_links":{"self":[{"href":"https:\/\/www.mv-kollmitzberg.at\/neu\/wp-json\/wp\/v2\/posts\/2886"}],"collection":[{"href":"https:\/\/www.mv-kollmitzberg.at\/neu\/wp-json\/wp\/v2\/posts"}],"about":[{"href":"https:\/\/www.mv-kollmitzberg.at\/neu\/wp-json\/wp\/v2\/types\/post"}],"author":[{"embeddable":true,"href":"https:\/\/www.mv-kollmitzberg.at\/neu\/wp-json\/wp\/v2\/users\/7"}],"replies":[{"embeddable":true,"href":"https:\/\/www.mv-kollmitzberg.at\/neu\/wp-json\/wp\/v2\/comments?post=2886"}],"version-history":[{"count":0,"href":"https:\/\/www.mv-kollmitzberg.at\/neu\/wp-json\/wp\/v2\/posts\/2886\/revisions"}],"wp:featuredmedia":[{"embeddable":true,"href":"https:\/\/www.mv-kollmitzberg.at\/neu\/wp-json\/wp\/v2\/media\/2880"}],"wp:attachment":[{"href":"https:\/\/www.mv-kollmitzberg.at\/neu\/wp-json\/wp\/v2\/media?parent=2886"}],"wp:term":[{"taxonomy":"category","embeddable":true,"href":"https:\/\/www.mv-kollmitzberg.at\/neu\/wp-json\/wp\/v2\/categories?post=2886"},{"taxonomy":"post_tag","embeddable":true,"href":"https:\/\/www.mv-kollmitzberg.at\/neu\/wp-json\/wp\/v2\/tags?post=2886"}],"curies":[{"name":"wp","href":"https:\/\/api.w.org\/{rel}","templated":true}]}}