{"id":2857,"date":"2023-04-21T13:32:14","date_gmt":"2023-04-21T11:32:14","guid":{"rendered":"https:\/\/www.mv-kollmitzberg.at\/neu\/2023\/04\/21\/135258989836808_704545688339508\/"},"modified":"2023-04-21T13:32:14","modified_gmt":"2023-04-21T11:32:14","slug":"135258989836808_704545688339508","status":"publish","type":"post","link":"https:\/\/www.mv-kollmitzberg.at\/neu\/2023\/04\/21\/135258989836808_704545688339508\/","title":{"rendered":"HAUSSAMMELN"},"content":{"rendered":"<p>Wie manche vielleicht schon mitbekommen haben, werden wir neu eingekleidet, denn 2024 bekommen wir eine neue Tracht.\ud83d\udc55\ud83d\udc56\ud83d\udc5a\ud83d\udc52\ud83d\udc5f\ud83e\udd29<br \/>\nDa dies ein gro\u00dfer finanzieller Aufwand f\u00fcr uns ist, werden wir die Haushalte Kollmitzbergs beim Haussammeln besuchen.\ud83c\udfe1\ud83c\udfb6<br \/>\n\ud83d\udc9c\ud83d\ude4fWir m\u00f6chten uns an dieser Stelle schon f\u00fcr die Unterst\u00fctzung bedanken! \ud83d\ude4f\ud83d\udc9c Gestartet wird das Haussammeln jeweils um 13:00.<br \/>\nMorgen, 22.04., beginnen wir mit den Rotten Kollmitzberg, Stiefelberg und Oed, und am Sonntag, 23.04. besuchen wir die Holzhausensiedlung. Am 06.05. werden wir die Rotten Zehet, Winkling und Felleism\u00fchle bespielen und am 07.05. kommen wir nach Innerzaun und Tiefenbach. \ud83c\udfb6\ud83d\ude0a<br \/>\nWir freuen uns schon sehr auf euch und m\u00f6chten noch einmal ein gro\u00dfes Dankesch\u00f6n im Voraus aussprechen \ud83d\ude4f\ud83d\udc9c\ud83c\udfb6<div id='gallery-1' class='gallery galleryid-2857 gallery-columns-3 gallery-size-thumbnail'><figure class='gallery-item'>\n\t\t\t<div class='gallery-icon portrait'>\n\t\t\t\t<a href='https:\/\/www.mv-kollmitzberg.at\/neu\/wp-content\/uploads\/2024\/01\/fb_135258989836808_704545688339508_1.jpeg' title=\"\" data-rl_title=\"\" class=\"rl-gallery-link\" data-rl_caption=\"\" data-rel=\"lightbox-gallery-1\"><img loading=\"lazy\" decoding=\"async\" width=\"150\" height=\"150\" src=\"https:\/\/www.mv-kollmitzberg.at\/neu\/wp-content\/uploads\/2024\/01\/fb_135258989836808_704545688339508_1-150x150.jpeg\" class=\"attachment-thumbnail size-thumbnail\" alt=\"\" srcset=\"https:\/\/www.mv-kollmitzberg.at\/neu\/wp-content\/uploads\/2024\/01\/fb_135258989836808_704545688339508_1-150x150.jpeg 150w, https:\/\/www.mv-kollmitzberg.at\/neu\/wp-content\/uploads\/2024\/01\/fb_135258989836808_704545688339508_1-250x250.jpeg 250w, https:\/\/www.mv-kollmitzberg.at\/neu\/wp-content\/uploads\/2024\/01\/fb_135258989836808_704545688339508_1-174x174.jpeg 174w\" sizes=\"(max-width: 150px) 100vw, 150px\" \/><\/a>\n\t\t\t<\/div><\/figure>\n\t\t<\/div>\n<\/p>\n","protected":false},"excerpt":{"rendered":"<p>Wie manche vielleicht schon mitbekommen haben, werden wir neu eingekleidet, denn 2024 bekommen wir eine neue Tracht.\ud83d\udc55\ud83d\udc56\ud83d\udc5a\ud83d\udc52\ud83d\udc5f\ud83e\udd29 Da dies ein gro\u00dfer finanzieller Aufwand f\u00fcr uns ist, werden wir die Haushalte <a href=\"https:\/\/www.mv-kollmitzberg.at\/neu\/2023\/04\/21\/135258989836808_704545688339508\/\" rel=\"nofollow\"><span class=\"sr-only\">Read more about HAUSSAMMELN<\/span>[&hellip;]<\/a><\/p>\n","protected":false},"author":7,"featured_media":2856,"comment_status":"","ping_status":"","sticky":false,"template":"","format":"standard","meta":{"footnotes":""},"categories":[1],"tags":[53,67],"_links":{"self":[{"href":"https:\/\/www.mv-kollmitzberg.at\/neu\/wp-json\/wp\/v2\/posts\/2857"}],"collection":[{"href":"https:\/\/www.mv-kollmitzberg.at\/neu\/wp-json\/wp\/v2\/posts"}],"about":[{"href":"https:\/\/www.mv-kollmitzberg.at\/neu\/wp-json\/wp\/v2\/types\/post"}],"author":[{"embeddable":true,"href":"https:\/\/www.mv-kollmitzberg.at\/neu\/wp-json\/wp\/v2\/users\/7"}],"replies":[{"embeddable":true,"href":"https:\/\/www.mv-kollmitzberg.at\/neu\/wp-json\/wp\/v2\/comments?post=2857"}],"version-history":[{"count":0,"href":"https:\/\/www.mv-kollmitzberg.at\/neu\/wp-json\/wp\/v2\/posts\/2857\/revisions"}],"wp:featuredmedia":[{"embeddable":true,"href":"https:\/\/www.mv-kollmitzberg.at\/neu\/wp-json\/wp\/v2\/media\/2856"}],"wp:attachment":[{"href":"https:\/\/www.mv-kollmitzberg.at\/neu\/wp-json\/wp\/v2\/media?parent=2857"}],"wp:term":[{"taxonomy":"category","embeddable":true,"href":"https:\/\/www.mv-kollmitzberg.at\/neu\/wp-json\/wp\/v2\/categories?post=2857"},{"taxonomy":"post_tag","embeddable":true,"href":"https:\/\/www.mv-kollmitzberg.at\/neu\/wp-json\/wp\/v2\/tags?post=2857"}],"curies":[{"name":"wp","href":"https:\/\/api.w.org\/{rel}","templated":true}]}}