{"id":2835,"date":"2023-05-03T19:00:03","date_gmt":"2023-05-03T17:00:03","guid":{"rendered":"https:\/\/www.mv-kollmitzberg.at\/neu\/2023\/05\/03\/135258989836808_712971670830243\/"},"modified":"2023-05-03T19:00:03","modified_gmt":"2023-05-03T17:00:03","slug":"135258989836808_712971670830243","status":"publish","type":"post","link":"https:\/\/www.mv-kollmitzberg.at\/neu\/2023\/05\/03\/135258989836808_712971670830243\/","title":{"rendered":"NEUE   TRACHT"},"content":{"rendered":"<p>Wir bedanken uns ganz herzlich bei den Gemeinder\u00e4tinnen und Gemeinder\u00e4ten von Kollmitzberg, die uns finanziell beim Ankauf der neuen Tracht unterst\u00fctzten.\u2728\ud83d\ude0a<br \/>\nWir m\u00f6chten an dieser Stelle auch wieder ans Haussammeln erinnern, denn am am 6. Mai werden wir die Rotten Zehet, Winkling und Felleism\u00fchle besuchen und am 7. Mai werden wir die Rotten Innerzaun und Tiefenbach bespielen.\ud83c\udfb6Wir freuen uns auf euch!\ud83d\ude0a<br \/>\nVielen Dank!\ud83d\udc9c<div id='gallery-1' class='gallery galleryid-2835 gallery-columns-3 gallery-size-thumbnail'><figure class='gallery-item'>\n\t\t\t<div class='gallery-icon landscape'>\n\t\t\t\t<a href='https:\/\/www.mv-kollmitzberg.at\/neu\/wp-content\/uploads\/2024\/01\/fb_135258989836808_712971670830243_1.jpeg' title=\"\" data-rl_title=\"\" class=\"rl-gallery-link\" data-rl_caption=\"\" data-rel=\"lightbox-gallery-1\"><img loading=\"lazy\" decoding=\"async\" width=\"150\" height=\"150\" src=\"https:\/\/www.mv-kollmitzberg.at\/neu\/wp-content\/uploads\/2024\/01\/fb_135258989836808_712971670830243_1-150x150.jpeg\" class=\"attachment-thumbnail size-thumbnail\" alt=\"\" srcset=\"https:\/\/www.mv-kollmitzberg.at\/neu\/wp-content\/uploads\/2024\/01\/fb_135258989836808_712971670830243_1-150x150.jpeg 150w, https:\/\/www.mv-kollmitzberg.at\/neu\/wp-content\/uploads\/2024\/01\/fb_135258989836808_712971670830243_1-250x250.jpeg 250w, https:\/\/www.mv-kollmitzberg.at\/neu\/wp-content\/uploads\/2024\/01\/fb_135258989836808_712971670830243_1-174x174.jpeg 174w\" sizes=\"(max-width: 150px) 100vw, 150px\" \/><\/a>\n\t\t\t<\/div><\/figure>\n\t\t<\/div>\n<\/p>\n","protected":false},"excerpt":{"rendered":"<p>Wir bedanken uns ganz herzlich bei den Gemeinder\u00e4tinnen und Gemeinder\u00e4ten von Kollmitzberg, die uns finanziell beim Ankauf der neuen Tracht unterst\u00fctzten.\u2728\ud83d\ude0a Wir m\u00f6chten an dieser Stelle auch wieder ans Haussammeln <a href=\"https:\/\/www.mv-kollmitzberg.at\/neu\/2023\/05\/03\/135258989836808_712971670830243\/\" rel=\"nofollow\"><span class=\"sr-only\">Read more about NEUE   TRACHT<\/span>[&hellip;]<\/a><\/p>\n","protected":false},"author":7,"featured_media":2834,"comment_status":"","ping_status":"","sticky":false,"template":"","format":"standard","meta":{"footnotes":""},"categories":[1],"tags":[53],"_links":{"self":[{"href":"https:\/\/www.mv-kollmitzberg.at\/neu\/wp-json\/wp\/v2\/posts\/2835"}],"collection":[{"href":"https:\/\/www.mv-kollmitzberg.at\/neu\/wp-json\/wp\/v2\/posts"}],"about":[{"href":"https:\/\/www.mv-kollmitzberg.at\/neu\/wp-json\/wp\/v2\/types\/post"}],"author":[{"embeddable":true,"href":"https:\/\/www.mv-kollmitzberg.at\/neu\/wp-json\/wp\/v2\/users\/7"}],"replies":[{"embeddable":true,"href":"https:\/\/www.mv-kollmitzberg.at\/neu\/wp-json\/wp\/v2\/comments?post=2835"}],"version-history":[{"count":0,"href":"https:\/\/www.mv-kollmitzberg.at\/neu\/wp-json\/wp\/v2\/posts\/2835\/revisions"}],"wp:featuredmedia":[{"embeddable":true,"href":"https:\/\/www.mv-kollmitzberg.at\/neu\/wp-json\/wp\/v2\/media\/2834"}],"wp:attachment":[{"href":"https:\/\/www.mv-kollmitzberg.at\/neu\/wp-json\/wp\/v2\/media?parent=2835"}],"wp:term":[{"taxonomy":"category","embeddable":true,"href":"https:\/\/www.mv-kollmitzberg.at\/neu\/wp-json\/wp\/v2\/categories?post=2835"},{"taxonomy":"post_tag","embeddable":true,"href":"https:\/\/www.mv-kollmitzberg.at\/neu\/wp-json\/wp\/v2\/tags?post=2835"}],"curies":[{"name":"wp","href":"https:\/\/api.w.org\/{rel}","templated":true}]}}