{"id":2514,"date":"2023-12-13T18:00:34","date_gmt":"2023-12-13T17:00:34","guid":{"rendered":"https:\/\/www.mv-kollmitzberg.at\/neu\/2023\/12\/13\/135258989836808_863366495790759\/"},"modified":"2023-12-13T18:00:34","modified_gmt":"2023-12-13T17:00:34","slug":"135258989836808_863366495790759","status":"publish","type":"post","link":"https:\/\/www.mv-kollmitzberg.at\/neu\/2023\/12\/13\/135258989836808_863366495790759\/","title":{"rendered":"WEIHNACHTSKONZERT"},"content":{"rendered":"<p>Unser Weihnachtskonzert der Junior Combo am vergangenen Sonntag war ein voller Erfolg!\ud83e\udd29 Rund 140 Besucherinnen und Besucher durften wir am vergangenen Sonntag im Musikheim begr\u00fc\u00dfen.\ud83c\udf1f<br \/>\nMusikalisch begaben wir uns zun\u00e4chst nach Bern, wo Teresa Fischer am Horn uns mit ihrem K\u00f6nnen die Wachabl\u00f6se der Stadtwache pr\u00e4sentierte. \ud83d\udcef<br \/>\nDas Konzert f\u00fchrte uns weiter in das &#8222;Zauberland&#8220;, wo wir uns in &#8222;Irish Dreams&#8220; verloren und die Magie der irischen Kl\u00e4nge genossen haben. \u2728Anschlie\u00dfend begaben wir uns mit dem &#8222;Polar Express&#8220; nach Norden und erlebten die K\u00e4lte in &#8222;Frozen&#8220; mit Elsa, Anna, Olaf &amp; Co. \u2013 eine wahrhaft zauberhafte Reise durch die Musikwelten.\u2744\ufe0f\u26c4\ufe0f\ud83d\udc78<br \/>\nMit den festlichen Kl\u00e4ngen von &#8222;All I Want For Christmas Is&#8230;&#8220; teilten wir unsere W\u00fcnsche dem Christkind mit und setzten einen feierlichen Schlusspunkt.\ud83e\udd70\ud83d\ude0d<br \/>\nEin besonderer Dank geht an unsere talentierten Jungmusiker:innen! Ihr habt nicht nur flei\u00dfig ge\u00fcbt und geprobt, sondern uns mit eurem K\u00f6nnen einen wundervollen Konzertabend beschert. Wir sind unglaublich stolz auf euch und euren Einsatz f\u00fcr die Musik. \ud83c\udfb6\ud83d\udc9c<br \/>\nEin weiteres gro\u00dfes Dankesch\u00f6n geb\u00fchrt unseren engagierten Jugendreferent:innen Anika Ebner, Sonja Amon, Magdalena Naderer, Hanna Mayrhofer, Peter Pressl und Thomas Fischer. Euer Einsatz das ganze Jahr \u00fcber ist beeindruckend, und wir als Musikverein sind stolz, solch engagierte Vereinsmitglieder zu haben.\ud83d\udc9c\ud83d\ude4f<br \/>\nNochmals vielen Dank an alle, die zu diesem zauberhaften Abend beigetragen haben. Wir freuen uns auf viele weitere musikalische Abenteuer im kommenden Jahr!\u2728<div id='gallery-1' class='gallery galleryid-2514 gallery-columns-3 gallery-size-thumbnail'><figure class='gallery-item'>\n\t\t\t<div class='gallery-icon landscape'>\n\t\t\t\t<a href='https:\/\/www.mv-kollmitzberg.at\/neu\/wp-content\/uploads\/2024\/01\/fb_135258989836808_863366495790759_1.jpeg' title=\"\" data-rl_title=\"\" class=\"rl-gallery-link\" data-rl_caption=\"\" data-rel=\"lightbox-gallery-1\"><img loading=\"lazy\" decoding=\"async\" width=\"150\" height=\"150\" src=\"https:\/\/www.mv-kollmitzberg.at\/neu\/wp-content\/uploads\/2024\/01\/fb_135258989836808_863366495790759_1-150x150.jpeg\" class=\"attachment-thumbnail size-thumbnail\" alt=\"\" srcset=\"https:\/\/www.mv-kollmitzberg.at\/neu\/wp-content\/uploads\/2024\/01\/fb_135258989836808_863366495790759_1-150x150.jpeg 150w, https:\/\/www.mv-kollmitzberg.at\/neu\/wp-content\/uploads\/2024\/01\/fb_135258989836808_863366495790759_1-250x250.jpeg 250w, https:\/\/www.mv-kollmitzberg.at\/neu\/wp-content\/uploads\/2024\/01\/fb_135258989836808_863366495790759_1-174x174.jpeg 174w\" sizes=\"(max-width: 150px) 100vw, 150px\" \/><\/a>\n\t\t\t<\/div><\/figure><figure class='gallery-item'>\n\t\t\t<div class='gallery-icon landscape'>\n\t\t\t\t<a href='https:\/\/www.mv-kollmitzberg.at\/neu\/wp-content\/uploads\/2024\/01\/fb_135258989836808_863366495790759_2.jpeg' title=\"\" data-rl_title=\"\" class=\"rl-gallery-link\" data-rl_caption=\"\" data-rel=\"lightbox-gallery-1\"><img loading=\"lazy\" decoding=\"async\" width=\"150\" height=\"150\" src=\"https:\/\/www.mv-kollmitzberg.at\/neu\/wp-content\/uploads\/2024\/01\/fb_135258989836808_863366495790759_2-150x150.jpeg\" class=\"attachment-thumbnail size-thumbnail\" alt=\"\" srcset=\"https:\/\/www.mv-kollmitzberg.at\/neu\/wp-content\/uploads\/2024\/01\/fb_135258989836808_863366495790759_2-150x150.jpeg 150w, https:\/\/www.mv-kollmitzberg.at\/neu\/wp-content\/uploads\/2024\/01\/fb_135258989836808_863366495790759_2-250x250.jpeg 250w, https:\/\/www.mv-kollmitzberg.at\/neu\/wp-content\/uploads\/2024\/01\/fb_135258989836808_863366495790759_2-174x174.jpeg 174w\" sizes=\"(max-width: 150px) 100vw, 150px\" \/><\/a>\n\t\t\t<\/div><\/figure><figure class='gallery-item'>\n\t\t\t<div class='gallery-icon landscape'>\n\t\t\t\t<a href='https:\/\/www.mv-kollmitzberg.at\/neu\/wp-content\/uploads\/2024\/01\/fb_135258989836808_863366495790759_3.jpeg' title=\"\" data-rl_title=\"\" class=\"rl-gallery-link\" data-rl_caption=\"\" data-rel=\"lightbox-gallery-1\"><img loading=\"lazy\" decoding=\"async\" width=\"150\" height=\"150\" src=\"https:\/\/www.mv-kollmitzberg.at\/neu\/wp-content\/uploads\/2024\/01\/fb_135258989836808_863366495790759_3-150x150.jpeg\" class=\"attachment-thumbnail size-thumbnail\" alt=\"\" srcset=\"https:\/\/www.mv-kollmitzberg.at\/neu\/wp-content\/uploads\/2024\/01\/fb_135258989836808_863366495790759_3-150x150.jpeg 150w, https:\/\/www.mv-kollmitzberg.at\/neu\/wp-content\/uploads\/2024\/01\/fb_135258989836808_863366495790759_3-250x250.jpeg 250w, https:\/\/www.mv-kollmitzberg.at\/neu\/wp-content\/uploads\/2024\/01\/fb_135258989836808_863366495790759_3-174x174.jpeg 174w\" sizes=\"(max-width: 150px) 100vw, 150px\" \/><\/a>\n\t\t\t<\/div><\/figure><figure class='gallery-item'>\n\t\t\t<div class='gallery-icon landscape'>\n\t\t\t\t<a href='https:\/\/www.mv-kollmitzberg.at\/neu\/wp-content\/uploads\/2024\/01\/fb_135258989836808_863366495790759_4.jpeg' title=\"\" data-rl_title=\"\" class=\"rl-gallery-link\" data-rl_caption=\"\" data-rel=\"lightbox-gallery-1\"><img loading=\"lazy\" decoding=\"async\" width=\"150\" height=\"150\" src=\"https:\/\/www.mv-kollmitzberg.at\/neu\/wp-content\/uploads\/2024\/01\/fb_135258989836808_863366495790759_4-150x150.jpeg\" class=\"attachment-thumbnail size-thumbnail\" alt=\"\" srcset=\"https:\/\/www.mv-kollmitzberg.at\/neu\/wp-content\/uploads\/2024\/01\/fb_135258989836808_863366495790759_4-150x150.jpeg 150w, https:\/\/www.mv-kollmitzberg.at\/neu\/wp-content\/uploads\/2024\/01\/fb_135258989836808_863366495790759_4-250x250.jpeg 250w, https:\/\/www.mv-kollmitzberg.at\/neu\/wp-content\/uploads\/2024\/01\/fb_135258989836808_863366495790759_4-174x174.jpeg 174w\" sizes=\"(max-width: 150px) 100vw, 150px\" \/><\/a>\n\t\t\t<\/div><\/figure><figure class='gallery-item'>\n\t\t\t<div class='gallery-icon landscape'>\n\t\t\t\t<a href='https:\/\/www.mv-kollmitzberg.at\/neu\/wp-content\/uploads\/2024\/01\/fb_135258989836808_863366495790759_5.jpeg' title=\"\" data-rl_title=\"\" class=\"rl-gallery-link\" data-rl_caption=\"\" data-rel=\"lightbox-gallery-1\"><img loading=\"lazy\" decoding=\"async\" width=\"150\" height=\"150\" src=\"https:\/\/www.mv-kollmitzberg.at\/neu\/wp-content\/uploads\/2024\/01\/fb_135258989836808_863366495790759_5-150x150.jpeg\" class=\"attachment-thumbnail size-thumbnail\" alt=\"\" srcset=\"https:\/\/www.mv-kollmitzberg.at\/neu\/wp-content\/uploads\/2024\/01\/fb_135258989836808_863366495790759_5-150x150.jpeg 150w, https:\/\/www.mv-kollmitzberg.at\/neu\/wp-content\/uploads\/2024\/01\/fb_135258989836808_863366495790759_5-250x250.jpeg 250w, https:\/\/www.mv-kollmitzberg.at\/neu\/wp-content\/uploads\/2024\/01\/fb_135258989836808_863366495790759_5-174x174.jpeg 174w\" sizes=\"(max-width: 150px) 100vw, 150px\" \/><\/a>\n\t\t\t<\/div><\/figure><figure class='gallery-item'>\n\t\t\t<div class='gallery-icon landscape'>\n\t\t\t\t<a href='https:\/\/www.mv-kollmitzberg.at\/neu\/wp-content\/uploads\/2024\/01\/fb_135258989836808_863366495790759_6.jpeg' title=\"\" data-rl_title=\"\" class=\"rl-gallery-link\" data-rl_caption=\"\" data-rel=\"lightbox-gallery-1\"><img loading=\"lazy\" decoding=\"async\" width=\"150\" height=\"150\" src=\"https:\/\/www.mv-kollmitzberg.at\/neu\/wp-content\/uploads\/2024\/01\/fb_135258989836808_863366495790759_6-150x150.jpeg\" class=\"attachment-thumbnail size-thumbnail\" alt=\"\" srcset=\"https:\/\/www.mv-kollmitzberg.at\/neu\/wp-content\/uploads\/2024\/01\/fb_135258989836808_863366495790759_6-150x150.jpeg 150w, https:\/\/www.mv-kollmitzberg.at\/neu\/wp-content\/uploads\/2024\/01\/fb_135258989836808_863366495790759_6-250x250.jpeg 250w, https:\/\/www.mv-kollmitzberg.at\/neu\/wp-content\/uploads\/2024\/01\/fb_135258989836808_863366495790759_6-174x174.jpeg 174w\" sizes=\"(max-width: 150px) 100vw, 150px\" \/><\/a>\n\t\t\t<\/div><\/figure><figure class='gallery-item'>\n\t\t\t<div class='gallery-icon landscape'>\n\t\t\t\t<a href='https:\/\/www.mv-kollmitzberg.at\/neu\/wp-content\/uploads\/2024\/01\/fb_135258989836808_863366495790759_7.jpeg' title=\"\" data-rl_title=\"\" class=\"rl-gallery-link\" data-rl_caption=\"\" data-rel=\"lightbox-gallery-1\"><img loading=\"lazy\" decoding=\"async\" width=\"150\" height=\"150\" src=\"https:\/\/www.mv-kollmitzberg.at\/neu\/wp-content\/uploads\/2024\/01\/fb_135258989836808_863366495790759_7-150x150.jpeg\" class=\"attachment-thumbnail size-thumbnail\" alt=\"\" srcset=\"https:\/\/www.mv-kollmitzberg.at\/neu\/wp-content\/uploads\/2024\/01\/fb_135258989836808_863366495790759_7-150x150.jpeg 150w, https:\/\/www.mv-kollmitzberg.at\/neu\/wp-content\/uploads\/2024\/01\/fb_135258989836808_863366495790759_7-250x250.jpeg 250w, https:\/\/www.mv-kollmitzberg.at\/neu\/wp-content\/uploads\/2024\/01\/fb_135258989836808_863366495790759_7-174x174.jpeg 174w\" sizes=\"(max-width: 150px) 100vw, 150px\" \/><\/a>\n\t\t\t<\/div><\/figure><figure class='gallery-item'>\n\t\t\t<div class='gallery-icon landscape'>\n\t\t\t\t<a href='https:\/\/www.mv-kollmitzberg.at\/neu\/wp-content\/uploads\/2024\/01\/fb_135258989836808_863366495790759_8.jpeg' title=\"\" data-rl_title=\"\" class=\"rl-gallery-link\" data-rl_caption=\"\" data-rel=\"lightbox-gallery-1\"><img loading=\"lazy\" decoding=\"async\" width=\"150\" height=\"150\" src=\"https:\/\/www.mv-kollmitzberg.at\/neu\/wp-content\/uploads\/2024\/01\/fb_135258989836808_863366495790759_8-150x150.jpeg\" class=\"attachment-thumbnail size-thumbnail\" alt=\"\" srcset=\"https:\/\/www.mv-kollmitzberg.at\/neu\/wp-content\/uploads\/2024\/01\/fb_135258989836808_863366495790759_8-150x150.jpeg 150w, https:\/\/www.mv-kollmitzberg.at\/neu\/wp-content\/uploads\/2024\/01\/fb_135258989836808_863366495790759_8-250x250.jpeg 250w, https:\/\/www.mv-kollmitzberg.at\/neu\/wp-content\/uploads\/2024\/01\/fb_135258989836808_863366495790759_8-174x174.jpeg 174w\" sizes=\"(max-width: 150px) 100vw, 150px\" \/><\/a>\n\t\t\t<\/div><\/figure><figure class='gallery-item'>\n\t\t\t<div class='gallery-icon landscape'>\n\t\t\t\t<a href='https:\/\/www.mv-kollmitzberg.at\/neu\/wp-content\/uploads\/2024\/01\/fb_135258989836808_863366495790759_9.jpeg' title=\"\" data-rl_title=\"\" class=\"rl-gallery-link\" data-rl_caption=\"\" data-rel=\"lightbox-gallery-1\"><img loading=\"lazy\" decoding=\"async\" width=\"150\" height=\"150\" src=\"https:\/\/www.mv-kollmitzberg.at\/neu\/wp-content\/uploads\/2024\/01\/fb_135258989836808_863366495790759_9-150x150.jpeg\" class=\"attachment-thumbnail size-thumbnail\" alt=\"\" srcset=\"https:\/\/www.mv-kollmitzberg.at\/neu\/wp-content\/uploads\/2024\/01\/fb_135258989836808_863366495790759_9-150x150.jpeg 150w, https:\/\/www.mv-kollmitzberg.at\/neu\/wp-content\/uploads\/2024\/01\/fb_135258989836808_863366495790759_9-250x250.jpeg 250w, https:\/\/www.mv-kollmitzberg.at\/neu\/wp-content\/uploads\/2024\/01\/fb_135258989836808_863366495790759_9-174x174.jpeg 174w\" sizes=\"(max-width: 150px) 100vw, 150px\" \/><\/a>\n\t\t\t<\/div><\/figure><figure class='gallery-item'>\n\t\t\t<div class='gallery-icon landscape'>\n\t\t\t\t<a href='https:\/\/www.mv-kollmitzberg.at\/neu\/wp-content\/uploads\/2024\/01\/fb_135258989836808_863366495790759_10.jpeg' title=\"\" data-rl_title=\"\" class=\"rl-gallery-link\" data-rl_caption=\"\" data-rel=\"lightbox-gallery-1\"><img loading=\"lazy\" decoding=\"async\" width=\"150\" height=\"150\" src=\"https:\/\/www.mv-kollmitzberg.at\/neu\/wp-content\/uploads\/2024\/01\/fb_135258989836808_863366495790759_10-150x150.jpeg\" class=\"attachment-thumbnail size-thumbnail\" alt=\"\" srcset=\"https:\/\/www.mv-kollmitzberg.at\/neu\/wp-content\/uploads\/2024\/01\/fb_135258989836808_863366495790759_10-150x150.jpeg 150w, https:\/\/www.mv-kollmitzberg.at\/neu\/wp-content\/uploads\/2024\/01\/fb_135258989836808_863366495790759_10-250x250.jpeg 250w, https:\/\/www.mv-kollmitzberg.at\/neu\/wp-content\/uploads\/2024\/01\/fb_135258989836808_863366495790759_10-174x174.jpeg 174w\" sizes=\"(max-width: 150px) 100vw, 150px\" \/><\/a>\n\t\t\t<\/div><\/figure><figure class='gallery-item'>\n\t\t\t<div class='gallery-icon landscape'>\n\t\t\t\t<a href='https:\/\/www.mv-kollmitzberg.at\/neu\/wp-content\/uploads\/2024\/01\/fb_135258989836808_863366495790759_11.jpeg' title=\"\" data-rl_title=\"\" class=\"rl-gallery-link\" data-rl_caption=\"\" data-rel=\"lightbox-gallery-1\"><img loading=\"lazy\" decoding=\"async\" width=\"150\" height=\"150\" src=\"https:\/\/www.mv-kollmitzberg.at\/neu\/wp-content\/uploads\/2024\/01\/fb_135258989836808_863366495790759_11-150x150.jpeg\" class=\"attachment-thumbnail size-thumbnail\" alt=\"\" srcset=\"https:\/\/www.mv-kollmitzberg.at\/neu\/wp-content\/uploads\/2024\/01\/fb_135258989836808_863366495790759_11-150x150.jpeg 150w, https:\/\/www.mv-kollmitzberg.at\/neu\/wp-content\/uploads\/2024\/01\/fb_135258989836808_863366495790759_11-250x250.jpeg 250w, https:\/\/www.mv-kollmitzberg.at\/neu\/wp-content\/uploads\/2024\/01\/fb_135258989836808_863366495790759_11-174x174.jpeg 174w\" sizes=\"(max-width: 150px) 100vw, 150px\" \/><\/a>\n\t\t\t<\/div><\/figure><figure class='gallery-item'>\n\t\t\t<div class='gallery-icon landscape'>\n\t\t\t\t<a href='https:\/\/www.mv-kollmitzberg.at\/neu\/wp-content\/uploads\/2024\/01\/fb_135258989836808_863366495790759_12.jpeg' title=\"\" data-rl_title=\"\" class=\"rl-gallery-link\" data-rl_caption=\"\" data-rel=\"lightbox-gallery-1\"><img loading=\"lazy\" decoding=\"async\" width=\"150\" height=\"150\" src=\"https:\/\/www.mv-kollmitzberg.at\/neu\/wp-content\/uploads\/2024\/01\/fb_135258989836808_863366495790759_12-150x150.jpeg\" class=\"attachment-thumbnail size-thumbnail\" alt=\"\" srcset=\"https:\/\/www.mv-kollmitzberg.at\/neu\/wp-content\/uploads\/2024\/01\/fb_135258989836808_863366495790759_12-150x150.jpeg 150w, https:\/\/www.mv-kollmitzberg.at\/neu\/wp-content\/uploads\/2024\/01\/fb_135258989836808_863366495790759_12-250x250.jpeg 250w, https:\/\/www.mv-kollmitzberg.at\/neu\/wp-content\/uploads\/2024\/01\/fb_135258989836808_863366495790759_12-174x174.jpeg 174w\" sizes=\"(max-width: 150px) 100vw, 150px\" \/><\/a>\n\t\t\t<\/div><\/figure>\n\t\t<\/div>\n<\/p>\n","protected":false},"excerpt":{"rendered":"<p>Unser Weihnachtskonzert der Junior Combo am vergangenen Sonntag war ein voller Erfolg!\ud83e\udd29 Rund 140 Besucherinnen und Besucher durften wir am vergangenen Sonntag im Musikheim begr\u00fc\u00dfen.\ud83c\udf1f Musikalisch begaben wir uns zun\u00e4chst <a href=\"https:\/\/www.mv-kollmitzberg.at\/neu\/2023\/12\/13\/135258989836808_863366495790759\/\" rel=\"nofollow\"><span class=\"sr-only\">Read more about WEIHNACHTSKONZERT<\/span>[&hellip;]<\/a><\/p>\n","protected":false},"author":7,"featured_media":2502,"comment_status":"","ping_status":"","sticky":false,"template":"","format":"standard","meta":{"footnotes":""},"categories":[1],"tags":[53,4],"_links":{"self":[{"href":"https:\/\/www.mv-kollmitzberg.at\/neu\/wp-json\/wp\/v2\/posts\/2514"}],"collection":[{"href":"https:\/\/www.mv-kollmitzberg.at\/neu\/wp-json\/wp\/v2\/posts"}],"about":[{"href":"https:\/\/www.mv-kollmitzberg.at\/neu\/wp-json\/wp\/v2\/types\/post"}],"author":[{"embeddable":true,"href":"https:\/\/www.mv-kollmitzberg.at\/neu\/wp-json\/wp\/v2\/users\/7"}],"replies":[{"embeddable":true,"href":"https:\/\/www.mv-kollmitzberg.at\/neu\/wp-json\/wp\/v2\/comments?post=2514"}],"version-history":[{"count":0,"href":"https:\/\/www.mv-kollmitzberg.at\/neu\/wp-json\/wp\/v2\/posts\/2514\/revisions"}],"wp:featuredmedia":[{"embeddable":true,"href":"https:\/\/www.mv-kollmitzberg.at\/neu\/wp-json\/wp\/v2\/media\/2502"}],"wp:attachment":[{"href":"https:\/\/www.mv-kollmitzberg.at\/neu\/wp-json\/wp\/v2\/media?parent=2514"}],"wp:term":[{"taxonomy":"category","embeddable":true,"href":"https:\/\/www.mv-kollmitzberg.at\/neu\/wp-json\/wp\/v2\/categories?post=2514"},{"taxonomy":"post_tag","embeddable":true,"href":"https:\/\/www.mv-kollmitzberg.at\/neu\/wp-json\/wp\/v2\/tags?post=2514"}],"curies":[{"name":"wp","href":"https:\/\/api.w.org\/{rel}","templated":true}]}}