{"id":1506,"date":"2019-04-22T09:12:22","date_gmt":"2019-04-22T07:12:22","guid":{"rendered":"http:\/\/www.mv-kollmitzberg.at\/neu\/?p=1506"},"modified":"2022-01-20T07:55:21","modified_gmt":"2022-01-20T06:55:21","slug":"jubilaeumskonzerte-2019","status":"publish","type":"post","link":"https:\/\/www.mv-kollmitzberg.at\/neu\/2019\/04\/22\/jubilaeumskonzerte-2019\/","title":{"rendered":"Jubil\u00e4umskonzerte 2019"},"content":{"rendered":"<p>Das waren die Jubil\u00e4umskonzerte 2019. Einige Ehrungen, u.a. das silberne Leistungsabzeichen, die bronzene und silberne Ehrenmedaille des N\u00d6 Blasmusikverbandes f\u00fcr aktive Mitglieder und die Ehrennadel in Bronze\u00a0des N\u00d6 Blasmusikverbandes wurden \u00fcberreicht. Auch die Junior Combo absolvierte ihren Auftritt bravour\u00f6s!<br \/>\nWer noch gerne ein paar Eindr\u00fccke Revue passieren lassen m\u00f6chte, kann sich hier einige Fotos ansehen.<\/p>\n<p>Vielen Dank f\u00fcr den gro\u00dfartigen Besuch.<\/p>\n<div id='gallery-1' class='gallery galleryid-1506 gallery-columns-3 gallery-size-medium'><figure class='gallery-item'>\n\t\t\t<div class='gallery-icon landscape'>\n\t\t\t\t<a href='https:\/\/www.mv-kollmitzberg.at\/neu\/wp-content\/uploads\/2019\/04\/DSC_0068.jpg' title=\"\" data-rl_title=\"\" class=\"rl-gallery-link\" data-rl_caption=\"\" data-rel=\"lightbox-gallery-1\"><img loading=\"lazy\" decoding=\"async\" width=\"300\" height=\"118\" src=\"https:\/\/www.mv-kollmitzberg.at\/neu\/wp-content\/uploads\/2019\/04\/DSC_0068-300x118.jpg\" class=\"attachment-medium size-medium\" alt=\"\" srcset=\"https:\/\/www.mv-kollmitzberg.at\/neu\/wp-content\/uploads\/2019\/04\/DSC_0068-300x118.jpg 300w, https:\/\/www.mv-kollmitzberg.at\/neu\/wp-content\/uploads\/2019\/04\/DSC_0068-768x301.jpg 768w, https:\/\/www.mv-kollmitzberg.at\/neu\/wp-content\/uploads\/2019\/04\/DSC_0068-1024x402.jpg 1024w\" sizes=\"(max-width: 300px) 100vw, 300px\" \/><\/a>\n\t\t\t<\/div><\/figure><figure class='gallery-item'>\n\t\t\t<div class='gallery-icon landscape'>\n\t\t\t\t<a href='https:\/\/www.mv-kollmitzberg.at\/neu\/wp-content\/uploads\/2019\/04\/DSC_0023.jpg' title=\"\" data-rl_title=\"\" class=\"rl-gallery-link\" data-rl_caption=\"\" data-rel=\"lightbox-gallery-1\"><img loading=\"lazy\" decoding=\"async\" width=\"300\" height=\"139\" src=\"https:\/\/www.mv-kollmitzberg.at\/neu\/wp-content\/uploads\/2019\/04\/DSC_0023-300x139.jpg\" class=\"attachment-medium size-medium\" alt=\"\" srcset=\"https:\/\/www.mv-kollmitzberg.at\/neu\/wp-content\/uploads\/2019\/04\/DSC_0023-300x139.jpg 300w, https:\/\/www.mv-kollmitzberg.at\/neu\/wp-content\/uploads\/2019\/04\/DSC_0023-768x356.jpg 768w, https:\/\/www.mv-kollmitzberg.at\/neu\/wp-content\/uploads\/2019\/04\/DSC_0023-1024x474.jpg 1024w\" sizes=\"(max-width: 300px) 100vw, 300px\" \/><\/a>\n\t\t\t<\/div><\/figure><figure class='gallery-item'>\n\t\t\t<div class='gallery-icon landscape'>\n\t\t\t\t<a href='https:\/\/www.mv-kollmitzberg.at\/neu\/wp-content\/uploads\/2019\/04\/DSC_0071.jpg' title=\"\" data-rl_title=\"\" class=\"rl-gallery-link\" data-rl_caption=\"\" data-rel=\"lightbox-gallery-1\"><img loading=\"lazy\" decoding=\"async\" width=\"300\" height=\"151\" src=\"https:\/\/www.mv-kollmitzberg.at\/neu\/wp-content\/uploads\/2019\/04\/DSC_0071-300x151.jpg\" class=\"attachment-medium size-medium\" alt=\"\" srcset=\"https:\/\/www.mv-kollmitzberg.at\/neu\/wp-content\/uploads\/2019\/04\/DSC_0071-300x151.jpg 300w, https:\/\/www.mv-kollmitzberg.at\/neu\/wp-content\/uploads\/2019\/04\/DSC_0071-768x386.jpg 768w, https:\/\/www.mv-kollmitzberg.at\/neu\/wp-content\/uploads\/2019\/04\/DSC_0071-1024x514.jpg 1024w, https:\/\/www.mv-kollmitzberg.at\/neu\/wp-content\/uploads\/2019\/04\/DSC_0071-600x300.jpg 600w, https:\/\/www.mv-kollmitzberg.at\/neu\/wp-content\/uploads\/2019\/04\/DSC_0071-400x200.jpg 400w\" sizes=\"(max-width: 300px) 100vw, 300px\" \/><\/a>\n\t\t\t<\/div><\/figure><figure class='gallery-item'>\n\t\t\t<div class='gallery-icon landscape'>\n\t\t\t\t<a href='https:\/\/www.mv-kollmitzberg.at\/neu\/wp-content\/uploads\/2019\/04\/DSC_0078.jpg' title=\"\" data-rl_title=\"\" class=\"rl-gallery-link\" data-rl_caption=\"\" data-rel=\"lightbox-gallery-1\"><img loading=\"lazy\" decoding=\"async\" width=\"300\" height=\"200\" src=\"https:\/\/www.mv-kollmitzberg.at\/neu\/wp-content\/uploads\/2019\/04\/DSC_0078-300x200.jpg\" class=\"attachment-medium size-medium\" alt=\"\" srcset=\"https:\/\/www.mv-kollmitzberg.at\/neu\/wp-content\/uploads\/2019\/04\/DSC_0078-300x200.jpg 300w, https:\/\/www.mv-kollmitzberg.at\/neu\/wp-content\/uploads\/2019\/04\/DSC_0078-768x512.jpg 768w, https:\/\/www.mv-kollmitzberg.at\/neu\/wp-content\/uploads\/2019\/04\/DSC_0078-1024x683.jpg 1024w, https:\/\/www.mv-kollmitzberg.at\/neu\/wp-content\/uploads\/2019\/04\/DSC_0078-750x500.jpg 750w, https:\/\/www.mv-kollmitzberg.at\/neu\/wp-content\/uploads\/2019\/04\/DSC_0078-272x182.jpg 272w\" sizes=\"(max-width: 300px) 100vw, 300px\" \/><\/a>\n\t\t\t<\/div><\/figure><figure class='gallery-item'>\n\t\t\t<div class='gallery-icon landscape'>\n\t\t\t\t<a href='https:\/\/www.mv-kollmitzberg.at\/neu\/wp-content\/uploads\/2019\/04\/DSC_0079.jpg' title=\"\" data-rl_title=\"\" class=\"rl-gallery-link\" data-rl_caption=\"\" data-rel=\"lightbox-gallery-1\"><img loading=\"lazy\" decoding=\"async\" width=\"300\" height=\"191\" src=\"https:\/\/www.mv-kollmitzberg.at\/neu\/wp-content\/uploads\/2019\/04\/DSC_0079-300x191.jpg\" class=\"attachment-medium size-medium\" alt=\"\" srcset=\"https:\/\/www.mv-kollmitzberg.at\/neu\/wp-content\/uploads\/2019\/04\/DSC_0079-300x191.jpg 300w, https:\/\/www.mv-kollmitzberg.at\/neu\/wp-content\/uploads\/2019\/04\/DSC_0079-768x488.jpg 768w, https:\/\/www.mv-kollmitzberg.at\/neu\/wp-content\/uploads\/2019\/04\/DSC_0079-1024x651.jpg 1024w\" sizes=\"(max-width: 300px) 100vw, 300px\" \/><\/a>\n\t\t\t<\/div><\/figure><figure class='gallery-item'>\n\t\t\t<div class='gallery-icon landscape'>\n\t\t\t\t<a href='https:\/\/www.mv-kollmitzberg.at\/neu\/wp-content\/uploads\/2019\/04\/DSC_0060.jpg' title=\"\" data-rl_title=\"\" class=\"rl-gallery-link\" data-rl_caption=\"\" data-rel=\"lightbox-gallery-1\"><img loading=\"lazy\" decoding=\"async\" width=\"300\" height=\"200\" src=\"https:\/\/www.mv-kollmitzberg.at\/neu\/wp-content\/uploads\/2019\/04\/DSC_0060-300x200.jpg\" class=\"attachment-medium size-medium\" alt=\"\" srcset=\"https:\/\/www.mv-kollmitzberg.at\/neu\/wp-content\/uploads\/2019\/04\/DSC_0060-300x200.jpg 300w, https:\/\/www.mv-kollmitzberg.at\/neu\/wp-content\/uploads\/2019\/04\/DSC_0060-768x512.jpg 768w, https:\/\/www.mv-kollmitzberg.at\/neu\/wp-content\/uploads\/2019\/04\/DSC_0060-1024x683.jpg 1024w, https:\/\/www.mv-kollmitzberg.at\/neu\/wp-content\/uploads\/2019\/04\/DSC_0060-750x500.jpg 750w, https:\/\/www.mv-kollmitzberg.at\/neu\/wp-content\/uploads\/2019\/04\/DSC_0060-272x182.jpg 272w\" sizes=\"(max-width: 300px) 100vw, 300px\" \/><\/a>\n\t\t\t<\/div><\/figure><figure class='gallery-item'>\n\t\t\t<div class='gallery-icon landscape'>\n\t\t\t\t<a href='https:\/\/www.mv-kollmitzberg.at\/neu\/wp-content\/uploads\/2019\/04\/DSC_0096.jpg' title=\"\" data-rl_title=\"\" class=\"rl-gallery-link\" data-rl_caption=\"\" data-rel=\"lightbox-gallery-1\"><img loading=\"lazy\" decoding=\"async\" width=\"300\" height=\"200\" src=\"https:\/\/www.mv-kollmitzberg.at\/neu\/wp-content\/uploads\/2019\/04\/DSC_0096-300x200.jpg\" class=\"attachment-medium size-medium\" alt=\"\" srcset=\"https:\/\/www.mv-kollmitzberg.at\/neu\/wp-content\/uploads\/2019\/04\/DSC_0096-300x200.jpg 300w, https:\/\/www.mv-kollmitzberg.at\/neu\/wp-content\/uploads\/2019\/04\/DSC_0096-768x512.jpg 768w, https:\/\/www.mv-kollmitzberg.at\/neu\/wp-content\/uploads\/2019\/04\/DSC_0096-1024x683.jpg 1024w, https:\/\/www.mv-kollmitzberg.at\/neu\/wp-content\/uploads\/2019\/04\/DSC_0096-750x500.jpg 750w, https:\/\/www.mv-kollmitzberg.at\/neu\/wp-content\/uploads\/2019\/04\/DSC_0096-272x182.jpg 272w\" sizes=\"(max-width: 300px) 100vw, 300px\" \/><\/a>\n\t\t\t<\/div><\/figure><figure class='gallery-item'>\n\t\t\t<div class='gallery-icon landscape'>\n\t\t\t\t<a href='https:\/\/www.mv-kollmitzberg.at\/neu\/wp-content\/uploads\/2019\/04\/DSC_0088.jpg' title=\"\" data-rl_title=\"\" class=\"rl-gallery-link\" data-rl_caption=\"\" data-rel=\"lightbox-gallery-1\"><img loading=\"lazy\" decoding=\"async\" width=\"300\" height=\"155\" src=\"https:\/\/www.mv-kollmitzberg.at\/neu\/wp-content\/uploads\/2019\/04\/DSC_0088-300x155.jpg\" class=\"attachment-medium size-medium\" alt=\"\" srcset=\"https:\/\/www.mv-kollmitzberg.at\/neu\/wp-content\/uploads\/2019\/04\/DSC_0088-300x155.jpg 300w, https:\/\/www.mv-kollmitzberg.at\/neu\/wp-content\/uploads\/2019\/04\/DSC_0088-768x396.jpg 768w, https:\/\/www.mv-kollmitzberg.at\/neu\/wp-content\/uploads\/2019\/04\/DSC_0088-1024x528.jpg 1024w\" sizes=\"(max-width: 300px) 100vw, 300px\" \/><\/a>\n\t\t\t<\/div><\/figure><figure class='gallery-item'>\n\t\t\t<div class='gallery-icon landscape'>\n\t\t\t\t<a href='https:\/\/www.mv-kollmitzberg.at\/neu\/wp-content\/uploads\/2019\/04\/DSC_0035.jpg' title=\"\" data-rl_title=\"\" class=\"rl-gallery-link\" data-rl_caption=\"\" data-rel=\"lightbox-gallery-1\"><img loading=\"lazy\" decoding=\"async\" width=\"300\" height=\"200\" src=\"https:\/\/www.mv-kollmitzberg.at\/neu\/wp-content\/uploads\/2019\/04\/DSC_0035-300x200.jpg\" class=\"attachment-medium size-medium\" alt=\"\" srcset=\"https:\/\/www.mv-kollmitzberg.at\/neu\/wp-content\/uploads\/2019\/04\/DSC_0035-300x200.jpg 300w, https:\/\/www.mv-kollmitzberg.at\/neu\/wp-content\/uploads\/2019\/04\/DSC_0035-768x512.jpg 768w, https:\/\/www.mv-kollmitzberg.at\/neu\/wp-content\/uploads\/2019\/04\/DSC_0035-1024x683.jpg 1024w, https:\/\/www.mv-kollmitzberg.at\/neu\/wp-content\/uploads\/2019\/04\/DSC_0035-750x500.jpg 750w, https:\/\/www.mv-kollmitzberg.at\/neu\/wp-content\/uploads\/2019\/04\/DSC_0035-272x182.jpg 272w\" sizes=\"(max-width: 300px) 100vw, 300px\" \/><\/a>\n\t\t\t<\/div><\/figure><figure class='gallery-item'>\n\t\t\t<div class='gallery-icon landscape'>\n\t\t\t\t<a href='https:\/\/www.mv-kollmitzberg.at\/neu\/wp-content\/uploads\/2019\/04\/DSC_0049.jpg' title=\"\" data-rl_title=\"\" class=\"rl-gallery-link\" data-rl_caption=\"\" data-rel=\"lightbox-gallery-1\"><img loading=\"lazy\" decoding=\"async\" width=\"300\" height=\"200\" src=\"https:\/\/www.mv-kollmitzberg.at\/neu\/wp-content\/uploads\/2019\/04\/DSC_0049-300x200.jpg\" class=\"attachment-medium size-medium\" alt=\"\" srcset=\"https:\/\/www.mv-kollmitzberg.at\/neu\/wp-content\/uploads\/2019\/04\/DSC_0049-300x200.jpg 300w, https:\/\/www.mv-kollmitzberg.at\/neu\/wp-content\/uploads\/2019\/04\/DSC_0049-768x512.jpg 768w, https:\/\/www.mv-kollmitzberg.at\/neu\/wp-content\/uploads\/2019\/04\/DSC_0049-1024x683.jpg 1024w, https:\/\/www.mv-kollmitzberg.at\/neu\/wp-content\/uploads\/2019\/04\/DSC_0049-750x500.jpg 750w, https:\/\/www.mv-kollmitzberg.at\/neu\/wp-content\/uploads\/2019\/04\/DSC_0049-272x182.jpg 272w\" sizes=\"(max-width: 300px) 100vw, 300px\" \/><\/a>\n\t\t\t<\/div><\/figure><figure class='gallery-item'>\n\t\t\t<div class='gallery-icon landscape'>\n\t\t\t\t<a href='https:\/\/www.mv-kollmitzberg.at\/neu\/wp-content\/uploads\/2019\/04\/DSC_0094.jpg' title=\"\" data-rl_title=\"\" class=\"rl-gallery-link\" data-rl_caption=\"\" data-rel=\"lightbox-gallery-1\"><img loading=\"lazy\" decoding=\"async\" width=\"300\" height=\"161\" src=\"https:\/\/www.mv-kollmitzberg.at\/neu\/wp-content\/uploads\/2019\/04\/DSC_0094-300x161.jpg\" class=\"attachment-medium size-medium\" alt=\"\" srcset=\"https:\/\/www.mv-kollmitzberg.at\/neu\/wp-content\/uploads\/2019\/04\/DSC_0094-300x161.jpg 300w, https:\/\/www.mv-kollmitzberg.at\/neu\/wp-content\/uploads\/2019\/04\/DSC_0094-768x413.jpg 768w, https:\/\/www.mv-kollmitzberg.at\/neu\/wp-content\/uploads\/2019\/04\/DSC_0094-1024x550.jpg 1024w\" sizes=\"(max-width: 300px) 100vw, 300px\" \/><\/a>\n\t\t\t<\/div><\/figure><figure class='gallery-item'>\n\t\t\t<div class='gallery-icon landscape'>\n\t\t\t\t<a href='https:\/\/www.mv-kollmitzberg.at\/neu\/wp-content\/uploads\/2019\/04\/DSC_0054.jpg' title=\"\" data-rl_title=\"\" class=\"rl-gallery-link\" data-rl_caption=\"\" data-rel=\"lightbox-gallery-1\"><img loading=\"lazy\" decoding=\"async\" width=\"300\" height=\"172\" src=\"https:\/\/www.mv-kollmitzberg.at\/neu\/wp-content\/uploads\/2019\/04\/DSC_0054-300x172.jpg\" class=\"attachment-medium size-medium\" alt=\"\" srcset=\"https:\/\/www.mv-kollmitzberg.at\/neu\/wp-content\/uploads\/2019\/04\/DSC_0054-300x172.jpg 300w, https:\/\/www.mv-kollmitzberg.at\/neu\/wp-content\/uploads\/2019\/04\/DSC_0054-768x441.jpg 768w, https:\/\/www.mv-kollmitzberg.at\/neu\/wp-content\/uploads\/2019\/04\/DSC_0054-1024x588.jpg 1024w\" sizes=\"(max-width: 300px) 100vw, 300px\" \/><\/a>\n\t\t\t<\/div><\/figure><figure class='gallery-item'>\n\t\t\t<div class='gallery-icon landscape'>\n\t\t\t\t<a href='https:\/\/www.mv-kollmitzberg.at\/neu\/wp-content\/uploads\/2019\/04\/DSC_0111.jpg' title=\"\" data-rl_title=\"\" class=\"rl-gallery-link\" data-rl_caption=\"\" data-rel=\"lightbox-gallery-1\"><img loading=\"lazy\" decoding=\"async\" width=\"300\" height=\"200\" src=\"https:\/\/www.mv-kollmitzberg.at\/neu\/wp-content\/uploads\/2019\/04\/DSC_0111-300x200.jpg\" class=\"attachment-medium size-medium\" alt=\"\" srcset=\"https:\/\/www.mv-kollmitzberg.at\/neu\/wp-content\/uploads\/2019\/04\/DSC_0111-300x200.jpg 300w, https:\/\/www.mv-kollmitzberg.at\/neu\/wp-content\/uploads\/2019\/04\/DSC_0111-768x512.jpg 768w, https:\/\/www.mv-kollmitzberg.at\/neu\/wp-content\/uploads\/2019\/04\/DSC_0111-1024x683.jpg 1024w, https:\/\/www.mv-kollmitzberg.at\/neu\/wp-content\/uploads\/2019\/04\/DSC_0111-750x500.jpg 750w, https:\/\/www.mv-kollmitzberg.at\/neu\/wp-content\/uploads\/2019\/04\/DSC_0111-272x182.jpg 272w\" sizes=\"(max-width: 300px) 100vw, 300px\" \/><\/a>\n\t\t\t<\/div><\/figure><figure class='gallery-item'>\n\t\t\t<div class='gallery-icon landscape'>\n\t\t\t\t<a href='https:\/\/www.mv-kollmitzberg.at\/neu\/wp-content\/uploads\/2019\/04\/DSC_0114.jpg' title=\"\" data-rl_title=\"\" class=\"rl-gallery-link\" data-rl_caption=\"\" data-rel=\"lightbox-gallery-1\"><img loading=\"lazy\" decoding=\"async\" width=\"300\" height=\"200\" src=\"https:\/\/www.mv-kollmitzberg.at\/neu\/wp-content\/uploads\/2019\/04\/DSC_0114-300x200.jpg\" class=\"attachment-medium size-medium\" alt=\"\" srcset=\"https:\/\/www.mv-kollmitzberg.at\/neu\/wp-content\/uploads\/2019\/04\/DSC_0114-300x200.jpg 300w, https:\/\/www.mv-kollmitzberg.at\/neu\/wp-content\/uploads\/2019\/04\/DSC_0114-768x512.jpg 768w, https:\/\/www.mv-kollmitzberg.at\/neu\/wp-content\/uploads\/2019\/04\/DSC_0114-1024x683.jpg 1024w, https:\/\/www.mv-kollmitzberg.at\/neu\/wp-content\/uploads\/2019\/04\/DSC_0114-750x500.jpg 750w, https:\/\/www.mv-kollmitzberg.at\/neu\/wp-content\/uploads\/2019\/04\/DSC_0114-272x182.jpg 272w\" sizes=\"(max-width: 300px) 100vw, 300px\" \/><\/a>\n\t\t\t<\/div><\/figure><figure class='gallery-item'>\n\t\t\t<div class='gallery-icon landscape'>\n\t\t\t\t<a href='https:\/\/www.mv-kollmitzberg.at\/neu\/wp-content\/uploads\/2019\/04\/DSC_0222.jpg' title=\"\" data-rl_title=\"\" class=\"rl-gallery-link\" data-rl_caption=\"\" data-rel=\"lightbox-gallery-1\"><img loading=\"lazy\" decoding=\"async\" width=\"300\" height=\"200\" src=\"https:\/\/www.mv-kollmitzberg.at\/neu\/wp-content\/uploads\/2019\/04\/DSC_0222-300x200.jpg\" class=\"attachment-medium size-medium\" alt=\"\" srcset=\"https:\/\/www.mv-kollmitzberg.at\/neu\/wp-content\/uploads\/2019\/04\/DSC_0222-300x200.jpg 300w, https:\/\/www.mv-kollmitzberg.at\/neu\/wp-content\/uploads\/2019\/04\/DSC_0222-768x512.jpg 768w, https:\/\/www.mv-kollmitzberg.at\/neu\/wp-content\/uploads\/2019\/04\/DSC_0222-1024x683.jpg 1024w, https:\/\/www.mv-kollmitzberg.at\/neu\/wp-content\/uploads\/2019\/04\/DSC_0222-750x500.jpg 750w, https:\/\/www.mv-kollmitzberg.at\/neu\/wp-content\/uploads\/2019\/04\/DSC_0222-272x182.jpg 272w\" sizes=\"(max-width: 300px) 100vw, 300px\" \/><\/a>\n\t\t\t<\/div><\/figure>\n\t\t<\/div>\n\n","protected":false},"excerpt":{"rendered":"<p>Das waren die Jubil\u00e4umskonzerte 2019. Einige Ehrungen, u.a. das silberne Leistungsabzeichen, die bronzene und silberne Ehrenmedaille des N\u00d6 Blasmusikverbandes f\u00fcr aktive Mitglieder und die Ehrennadel in Bronze\u00a0des N\u00d6 Blasmusikverbandes wurden <a href=\"https:\/\/www.mv-kollmitzberg.at\/neu\/2019\/04\/22\/jubilaeumskonzerte-2019\/\" rel=\"nofollow\"><span class=\"sr-only\">Read more about Jubil\u00e4umskonzerte 2019<\/span>[&hellip;]<\/a><\/p>\n","protected":false},"author":4,"featured_media":1512,"comment_status":"closed","ping_status":"closed","sticky":false,"template":"","format":"standard","meta":{"footnotes":""},"categories":[1],"tags":[44,4,23],"_links":{"self":[{"href":"https:\/\/www.mv-kollmitzberg.at\/neu\/wp-json\/wp\/v2\/posts\/1506"}],"collection":[{"href":"https:\/\/www.mv-kollmitzberg.at\/neu\/wp-json\/wp\/v2\/posts"}],"about":[{"href":"https:\/\/www.mv-kollmitzberg.at\/neu\/wp-json\/wp\/v2\/types\/post"}],"author":[{"embeddable":true,"href":"https:\/\/www.mv-kollmitzberg.at\/neu\/wp-json\/wp\/v2\/users\/4"}],"replies":[{"embeddable":true,"href":"https:\/\/www.mv-kollmitzberg.at\/neu\/wp-json\/wp\/v2\/comments?post=1506"}],"version-history":[{"count":3,"href":"https:\/\/www.mv-kollmitzberg.at\/neu\/wp-json\/wp\/v2\/posts\/1506\/revisions"}],"predecessor-version":[{"id":1524,"href":"https:\/\/www.mv-kollmitzberg.at\/neu\/wp-json\/wp\/v2\/posts\/1506\/revisions\/1524"}],"wp:featuredmedia":[{"embeddable":true,"href":"https:\/\/www.mv-kollmitzberg.at\/neu\/wp-json\/wp\/v2\/media\/1512"}],"wp:attachment":[{"href":"https:\/\/www.mv-kollmitzberg.at\/neu\/wp-json\/wp\/v2\/media?parent=1506"}],"wp:term":[{"taxonomy":"category","embeddable":true,"href":"https:\/\/www.mv-kollmitzberg.at\/neu\/wp-json\/wp\/v2\/categories?post=1506"},{"taxonomy":"post_tag","embeddable":true,"href":"https:\/\/www.mv-kollmitzberg.at\/neu\/wp-json\/wp\/v2\/tags?post=1506"}],"curies":[{"name":"wp","href":"https:\/\/api.w.org\/{rel}","templated":true}]}}