{"id":1366,"date":"2019-03-22T17:26:48","date_gmt":"2019-03-22T16:26:48","guid":{"rendered":"http:\/\/www.mv-kollmitzberg.at\/neu\/?p=1366"},"modified":"2022-01-20T07:55:21","modified_gmt":"2022-01-20T06:55:21","slug":"jubilaeumskonzerte","status":"publish","type":"post","link":"https:\/\/www.mv-kollmitzberg.at\/neu\/2019\/03\/22\/jubilaeumskonzerte\/","title":{"rendered":"Jubil\u00e4umskonzerte"},"content":{"rendered":"<p>Der Musikverein Kollmitzberg feiert heuer\u00a0sein 30-j\u00e4hriges Bestandsjubil\u00e4um, daher haben wir uns etwas ganz besonderes ausgedacht. Das Programm reicht von wunderbaren Melodien von Ouvert\u00fcre und Co, \u00fcber die schneidigen Kl\u00e4nge von Marsch und Polka, bis hin zu fetzigen 80er Hits.<br \/>\nDa man ja nur einmal 30 Jahre alt wird, findet das Konzert heuer an zwei Tagen statt.<\/p>\n<p>FACTS:<br \/>\nSamstag, 13. April 2019, Beginn 19:30 im GH Gr\u00fcnberger<br \/>\nSonntag, 14. April 2019, Beginn 14:00 im GH Gr\u00fcnberger<\/p>\n<p>Am Sonntag wird auch die Junior Combo, das Jugendblasorchester des Musikvereins, ein paar St\u00fccke zum Besten geben.<br \/>\nAuch die Weinbar hat wieder einiges zu bieten, denn es ist mit Sicherheit f\u00fcr jeden Geschmack etwas dabei<\/p>\n<p>Wir, die Musikerinnen und Musiker des Musikvereins Kollmitzberg, freuen uns auf Ihren Besuch!<\/p>\n<p><a href=\"https:\/\/www.mv-kollmitzberg.at\/neu\/wp-content\/uploads\/2019\/03\/MV-Kollmitzberg-Jubil\u00e4umskonzert_2019.pdf.jpg\" data-rel=\"lightbox-image-0\" data-rl_title=\"\" data-rl_caption=\"\" title=\"\"><img loading=\"lazy\" decoding=\"async\" class=\"alignleft size-large wp-image-1367\" src=\"https:\/\/www.mv-kollmitzberg.at\/neu\/wp-content\/uploads\/2019\/03\/MV-Kollmitzberg-Jubil\u00e4umskonzert_2019.pdf-724x1024.jpg\" alt=\"\" width=\"640\" height=\"905\" srcset=\"https:\/\/www.mv-kollmitzberg.at\/neu\/wp-content\/uploads\/2019\/03\/MV-Kollmitzberg-Jubil\u00e4umskonzert_2019.pdf-724x1024.jpg 724w, https:\/\/www.mv-kollmitzberg.at\/neu\/wp-content\/uploads\/2019\/03\/MV-Kollmitzberg-Jubil\u00e4umskonzert_2019.pdf-212x300.jpg 212w, https:\/\/www.mv-kollmitzberg.at\/neu\/wp-content\/uploads\/2019\/03\/MV-Kollmitzberg-Jubil\u00e4umskonzert_2019.pdf-768x1086.jpg 768w\" sizes=\"(max-width: 640px) 100vw, 640px\" \/><\/a><\/p>\n","protected":false},"excerpt":{"rendered":"<p>Der Musikverein Kollmitzberg feiert heuer\u00a0sein 30-j\u00e4hriges Bestandsjubil\u00e4um, daher haben wir uns etwas ganz besonderes ausgedacht. Das Programm reicht von wunderbaren Melodien von Ouvert\u00fcre und Co, \u00fcber die schneidigen Kl\u00e4nge von <a href=\"https:\/\/www.mv-kollmitzberg.at\/neu\/2019\/03\/22\/jubilaeumskonzerte\/\" rel=\"nofollow\"><span class=\"sr-only\">Read more about Jubil\u00e4umskonzerte<\/span>[&hellip;]<\/a><\/p>\n","protected":false},"author":4,"featured_media":1367,"comment_status":"closed","ping_status":"closed","sticky":false,"template":"","format":"standard","meta":{"footnotes":""},"categories":[1],"tags":[44,23],"_links":{"self":[{"href":"https:\/\/www.mv-kollmitzberg.at\/neu\/wp-json\/wp\/v2\/posts\/1366"}],"collection":[{"href":"https:\/\/www.mv-kollmitzberg.at\/neu\/wp-json\/wp\/v2\/posts"}],"about":[{"href":"https:\/\/www.mv-kollmitzberg.at\/neu\/wp-json\/wp\/v2\/types\/post"}],"author":[{"embeddable":true,"href":"https:\/\/www.mv-kollmitzberg.at\/neu\/wp-json\/wp\/v2\/users\/4"}],"replies":[{"embeddable":true,"href":"https:\/\/www.mv-kollmitzberg.at\/neu\/wp-json\/wp\/v2\/comments?post=1366"}],"version-history":[{"count":2,"href":"https:\/\/www.mv-kollmitzberg.at\/neu\/wp-json\/wp\/v2\/posts\/1366\/revisions"}],"predecessor-version":[{"id":1369,"href":"https:\/\/www.mv-kollmitzberg.at\/neu\/wp-json\/wp\/v2\/posts\/1366\/revisions\/1369"}],"wp:featuredmedia":[{"embeddable":true,"href":"https:\/\/www.mv-kollmitzberg.at\/neu\/wp-json\/wp\/v2\/media\/1367"}],"wp:attachment":[{"href":"https:\/\/www.mv-kollmitzberg.at\/neu\/wp-json\/wp\/v2\/media?parent=1366"}],"wp:term":[{"taxonomy":"category","embeddable":true,"href":"https:\/\/www.mv-kollmitzberg.at\/neu\/wp-json\/wp\/v2\/categories?post=1366"},{"taxonomy":"post_tag","embeddable":true,"href":"https:\/\/www.mv-kollmitzberg.at\/neu\/wp-json\/wp\/v2\/tags?post=1366"}],"curies":[{"name":"wp","href":"https:\/\/api.w.org\/{rel}","templated":true}]}}