{"id":1416,"global_id":"www.mv-kollmitzberg.at\/neu?id=1416","global_id_lineage":["www.mv-kollmitzberg.at\/neu?id=1416"],"author":"4","status":"publish","date":"2019-03-25 21:31:45","date_utc":"2019-03-25 20:31:45","modified":"2019-03-26 18:45:15","modified_utc":"2019-03-26 17:45:15","url":"https:\/\/www.mv-kollmitzberg.at\/neu\/event\/jubilaeumskonzert-2\/","rest_url":"https:\/\/www.mv-kollmitzberg.at\/neu\/wp-json\/tribe\/events\/v1\/events\/1416","title":"Jubil\u00e4umskonzert 2","description":"","excerpt":"","slug":"jubilaeumskonzert-2","image":{"url":"https:\/\/www.mv-kollmitzberg.at\/neu\/wp-content\/uploads\/2019\/03\/MV-Kollmitzberg-Jubil\u00e4umskonzert_2019.pdf.jpg","id":1367,"extension":"jpg","width":3688,"height":5216,"sizes":{"thumbnail":{"width":150,"height":150,"mime-type":"image\/jpeg","url":"https:\/\/www.mv-kollmitzberg.at\/neu\/wp-content\/uploads\/2019\/03\/MV-Kollmitzberg-Jubil\u00e4umskonzert_2019.pdf-150x150.jpg"},"medium":{"width":212,"height":300,"mime-type":"image\/jpeg","url":"https:\/\/www.mv-kollmitzberg.at\/neu\/wp-content\/uploads\/2019\/03\/MV-Kollmitzberg-Jubil\u00e4umskonzert_2019.pdf-212x300.jpg"},"medium_large":{"width":768,"height":1086,"mime-type":"image\/jpeg","url":"https:\/\/www.mv-kollmitzberg.at\/neu\/wp-content\/uploads\/2019\/03\/MV-Kollmitzberg-Jubil\u00e4umskonzert_2019.pdf-768x1086.jpg"},"large":{"width":724,"height":1024,"mime-type":"image\/jpeg","url":"https:\/\/www.mv-kollmitzberg.at\/neu\/wp-content\/uploads\/2019\/03\/MV-Kollmitzberg-Jubil\u00e4umskonzert_2019.pdf-724x1024.jpg"},"zerif-post-thumbnail":{"width":250,"height":250,"mime-type":"image\/jpeg","url":"https:\/\/www.mv-kollmitzberg.at\/neu\/wp-content\/uploads\/2019\/03\/MV-Kollmitzberg-Jubil\u00e4umskonzert_2019.pdf-250x250.jpg"},"zerif-post-thumbnail-large":{"width":750,"height":500,"mime-type":"image\/jpeg","url":"https:\/\/www.mv-kollmitzberg.at\/neu\/wp-content\/uploads\/2019\/03\/MV-Kollmitzberg-Jubil\u00e4umskonzert_2019.pdf-750x500.jpg"},"zerif-post-thumbnail-large-table":{"width":600,"height":300,"mime-type":"image\/jpeg","url":"https:\/\/www.mv-kollmitzberg.at\/neu\/wp-content\/uploads\/2019\/03\/MV-Kollmitzberg-Jubil\u00e4umskonzert_2019.pdf-600x300.jpg"},"zerif-post-thumbnail-large-mobile":{"width":400,"height":200,"mime-type":"image\/jpeg","url":"https:\/\/www.mv-kollmitzberg.at\/neu\/wp-content\/uploads\/2019\/03\/MV-Kollmitzberg-Jubil\u00e4umskonzert_2019.pdf-400x200.jpg"},"zerif_project_photo":{"width":285,"height":214,"mime-type":"image\/jpeg","url":"https:\/\/www.mv-kollmitzberg.at\/neu\/wp-content\/uploads\/2019\/03\/MV-Kollmitzberg-Jubil\u00e4umskonzert_2019.pdf-285x214.jpg"},"zerif_our_team_photo":{"width":174,"height":174,"mime-type":"image\/jpeg","url":"https:\/\/www.mv-kollmitzberg.at\/neu\/wp-content\/uploads\/2019\/03\/MV-Kollmitzberg-Jubil\u00e4umskonzert_2019.pdf-174x174.jpg"}}},"all_day":false,"start_date":"2019-04-14 14:00:00","start_date_details":{"year":"2019","month":"04","day":"14","hour":"14","minutes":"00","seconds":"00"},"end_date":"2019-04-14 17:00:00","end_date_details":{"year":"2019","month":"04","day":"14","hour":"17","minutes":"00","seconds":"00"},"utc_start_date":"2019-04-14 12:00:00","utc_start_date_details":{"year":"2019","month":"04","day":"14","hour":"12","minutes":"00","seconds":"00"},"utc_end_date":"2019-04-14 15:00:00","utc_end_date_details":{"year":"2019","month":"04","day":"14","hour":"15","minutes":"00","seconds":"00"},"timezone":"Europe\/Vienna","timezone_abbr":"CEST","cost":"","cost_details":{"currency_symbol":"","currency_code":"","currency_position":"suffix","values":[]},"website":"","show_map":true,"show_map_link":true,"hide_from_listings":false,"sticky":false,"featured":false,"categories":[{"name":"30 Jahre Musikverein Kollmitzberg","slug":"30-jahre-musikverein-kollmitzberg","term_group":0,"term_taxonomy_id":46,"taxonomy":"tribe_events_cat","description":"","parent":0,"count":4,"filter":"raw","id":46,"urls":{"self":"https:\/\/www.mv-kollmitzberg.at\/neu\/wp-json\/tribe\/events\/v1\/categories\/46","collection":"https:\/\/www.mv-kollmitzberg.at\/neu\/wp-json\/tribe\/events\/v1\/categories"}},{"name":"Konzert","slug":"konzert","term_group":0,"term_taxonomy_id":42,"taxonomy":"tribe_events_cat","description":"","parent":0,"count":4,"filter":"raw","id":42,"urls":{"self":"https:\/\/www.mv-kollmitzberg.at\/neu\/wp-json\/tribe\/events\/v1\/categories\/42","collection":"https:\/\/www.mv-kollmitzberg.at\/neu\/wp-json\/tribe\/events\/v1\/categories"}}],"tags":[],"venue":{"id":97,"author":"4","status":"publish","date":"2016-02-09 16:46:42","date_utc":"2016-02-09 15:46:42","modified":"2016-02-12 08:30:52","modified_utc":"2016-02-12 07:30:52","url":"https:\/\/www.mv-kollmitzberg.at\/neu\/veranstaltungsort\/gasthaus-gruenberger\/","venue":"Gasthaus Gr\u00fcnberger","slug":"gasthaus-gruenberger","address":"Kollmitzberg 3","city":"Kollmitzberg","country":"\u00d6sterreich","zip":"3321","json_ld":{"@type":"Place","name":"Gasthaus Gr\u00fcnberger","description":"","url":"","address":{"@type":"PostalAddress","streetAddress":"Kollmitzberg 3","addressLocality":"Kollmitzberg","postalCode":"3321","addressCountry":"\u00d6sterreich"},"telephone":"","sameAs":""},"show_map":true,"show_map_link":true,"global_id":"www.mv-kollmitzberg.at\/neu?id=97","global_id_lineage":["www.mv-kollmitzberg.at\/neu?id=97"]},"organizer":[{"id":96,"author":"4","status":"publish","date":"2016-02-09 16:46:42","date_utc":"2016-02-09 15:46:42","modified":"2016-02-09 16:46:42","modified_utc":"2016-02-09 15:46:42","url":"https:\/\/www.mv-kollmitzberg.at\/neu\/veranstalter\/musikverein-kollmitzberg\/","organizer":"Musikverein Kollmitzberg","slug":"musikverein-kollmitzberg","website":"www.mv-kollmitzberg.at","json_ld":{"@type":"Person","name":"Musikverein Kollmitzberg","description":"","url":"http:\/\/www.mv-kollmitzberg.at","telephone":"","email":"","sameAs":"http:\/\/www.mv-kollmitzberg.at"},"global_id":"www.mv-kollmitzberg.at\/neu?id=96","global_id_lineage":["www.mv-kollmitzberg.at\/neu?id=96"]}],"custom_fields":[],"json_ld":{"@context":"http:\/\/schema.org","@type":"Event","name":"Jubil\u00e4umskonzert 2","description":"","image":"https:\/\/www.mv-kollmitzberg.at\/neu\/wp-content\/uploads\/2019\/03\/MV-Kollmitzberg-Jubil\u00e4umskonzert_2019.pdf.jpg","url":"https:\/\/www.mv-kollmitzberg.at\/neu\/event\/jubilaeumskonzert-2\/","eventAttendanceMode":"https:\/\/schema.org\/OfflineEventAttendanceMode","eventStatus":"https:\/\/schema.org\/EventScheduled","startDate":"2019-04-14T14:00:00+02:00","endDate":"2019-04-14T17:00:00+02:00","location":{"@type":"Place","name":"Gasthaus Gr\u00fcnberger","description":"","url":"","address":{"@type":"PostalAddress","streetAddress":"Kollmitzberg 3","addressLocality":"Kollmitzberg","postalCode":"3321","addressCountry":"\u00d6sterreich"},"telephone":"","sameAs":""},"organizer":{"@type":"Person","name":"Musikverein Kollmitzberg","description":"","url":"http:\/\/www.mv-kollmitzberg.at","telephone":"","email":"","sameAs":"http:\/\/www.mv-kollmitzberg.at"},"performer":"Organization"}}